{"id":19247,"date":"2021-04-05T10:56:10","date_gmt":"2021-04-05T13:56:10","guid":{"rendered":"https:\/\/www.adeba.com.ar\/?p=19247"},"modified":"2021-04-06T10:56:31","modified_gmt":"2021-04-06T13:56:31","slug":"corrientes-resolucion-normativa-de-la-direccion-general-de-rentas-74-2021","status":"publish","type":"post","link":"https:\/\/www.adeba.com.ar\/en\/corrientes-resolucion-normativa-de-la-direccion-general-de-rentas-74-2021\/","title":{"rendered":"Corrientes Resoluci\u00f3n Normativa de la Direcci\u00f3n General de Rentas 74\/2021\u00a0&#8211;\u00a0"},"content":{"rendered":"<p>Modificaci\u00f3n del plazo para regularizar la situaci\u00f3n de agravamiento de al\u00edcuotas de los reg\u00edmenes de retenci\u00f3n y\/o percepci\u00f3n<\/p>\n","protected":false},"excerpt":{"rendered":"<p>Modificaci\u00f3n del plazo para regularizar la situaci\u00f3n de agravamiento de al\u00edcuotas de los reg\u00edmenes de retenci\u00f3n y\/o percepci\u00f3n<\/p>\n","protected":false},"author":1,"featured_media":0,"comment_status":"closed","ping_status":"open","sticky":false,"template":"","format":"standard","meta":[],"categories":[5],"tags":[],"_links":{"self":[{"href":"https:\/\/www.adeba.com.ar\/en\/wp-json\/wp\/v2\/posts\/19247"}],"collection":[{"href":"https:\/\/www.adeba.com.ar\/en\/wp-json\/wp\/v2\/posts"}],"about":[{"href":"https:\/\/www.adeba.com.ar\/en\/wp-json\/wp\/v2\/types\/post"}],"author":[{"embeddable":true,"href":"https:\/\/www.adeba.com.ar\/en\/wp-json\/wp\/v2\/users\/1"}],"replies":[{"embeddable":true,"href":"https:\/\/www.adeba.com.ar\/en\/wp-json\/wp\/v2\/comments?post=19247"}],"version-history":[{"count":2,"href":"https:\/\/www.adeba.com.ar\/en\/wp-json\/wp\/v2\/posts\/19247\/revisions"}],"predecessor-version":[{"id":19249,"href":"https:\/\/www.adeba.com.ar\/en\/wp-json\/wp\/v2\/posts\/19247\/revisions\/19249"}],"wp:attachment":[{"href":"https:\/\/www.adeba.com.ar\/en\/wp-json\/wp\/v2\/media?parent=19247"}],"wp:term":[{"taxonomy":"category","embeddable":true,"href":"https:\/\/www.adeba.com.ar\/en\/wp-json\/wp\/v2\/categories?post=19247"},{"taxonomy":"post_tag","embeddable":true,"href":"https:\/\/www.adeba.com.ar\/en\/wp-json\/wp\/v2\/tags?post=19247"}],"curies":[{"name":"wp","href":"https:\/\/api.w.org\/{rel}","templated":true}]}}