{"id":19244,"date":"2021-04-05T10:55:38","date_gmt":"2021-04-05T13:55:38","guid":{"rendered":"https:\/\/www.adeba.com.ar\/?p=19244"},"modified":"2021-04-06T10:56:00","modified_gmt":"2021-04-06T13:56:00","slug":"entre-rios-decreto-provincial-472-2021","status":"publish","type":"post","link":"https:\/\/www.adeba.com.ar\/en\/entre-rios-decreto-provincial-472-2021\/","title":{"rendered":"Entre R\u00edos Decreto Provincial 472\/2021\u00a0&#8211;"},"content":{"rendered":"<p>R\u00e9gimen especial de regularizaci\u00f3n fiscal para la cancelaci\u00f3n de tributos administrados por la ATER cuyos vencimientos hubieren operado hasta el 31\/1\/2021<\/p>\n","protected":false},"excerpt":{"rendered":"<p>\u00a0R\u00e9gimen especial de regularizaci\u00f3n fiscal para la cancelaci\u00f3n de tributos administrados por la ATER cuyos vencimientos hubieren operado hasta el 31\/1\/2021<\/p>\n","protected":false},"author":1,"featured_media":0,"comment_status":"closed","ping_status":"open","sticky":false,"template":"","format":"standard","meta":[],"categories":[5],"tags":[],"_links":{"self":[{"href":"https:\/\/www.adeba.com.ar\/en\/wp-json\/wp\/v2\/posts\/19244"}],"collection":[{"href":"https:\/\/www.adeba.com.ar\/en\/wp-json\/wp\/v2\/posts"}],"about":[{"href":"https:\/\/www.adeba.com.ar\/en\/wp-json\/wp\/v2\/types\/post"}],"author":[{"embeddable":true,"href":"https:\/\/www.adeba.com.ar\/en\/wp-json\/wp\/v2\/users\/1"}],"replies":[{"embeddable":true,"href":"https:\/\/www.adeba.com.ar\/en\/wp-json\/wp\/v2\/comments?post=19244"}],"version-history":[{"count":2,"href":"https:\/\/www.adeba.com.ar\/en\/wp-json\/wp\/v2\/posts\/19244\/revisions"}],"predecessor-version":[{"id":19246,"href":"https:\/\/www.adeba.com.ar\/en\/wp-json\/wp\/v2\/posts\/19244\/revisions\/19246"}],"wp:attachment":[{"href":"https:\/\/www.adeba.com.ar\/en\/wp-json\/wp\/v2\/media?parent=19244"}],"wp:term":[{"taxonomy":"category","embeddable":true,"href":"https:\/\/www.adeba.com.ar\/en\/wp-json\/wp\/v2\/categories?post=19244"},{"taxonomy":"post_tag","embeddable":true,"href":"https:\/\/www.adeba.com.ar\/en\/wp-json\/wp\/v2\/tags?post=19244"}],"curies":[{"name":"wp","href":"https:\/\/api.w.org\/{rel}","templated":true}]}}