{"id":18836,"date":"2021-03-12T10:05:23","date_gmt":"2021-03-12T13:05:23","guid":{"rendered":"https:\/\/www.adeba.com.ar\/?p=18836"},"modified":"2021-03-15T10:06:05","modified_gmt":"2021-03-15T13:06:05","slug":"resolucion-general-de-la-administracion-federal-de-ingresos-publicos-4942-2021","status":"publish","type":"post","link":"https:\/\/www.adeba.com.ar\/en\/resolucion-general-de-la-administracion-federal-de-ingresos-publicos-4942-2021\/","title":{"rendered":"Resoluci\u00f3n General de la Administraci\u00f3n Federal de Ingresos P\u00fablicos 4942\/2021"},"content":{"rendered":"<table border=\"0\" width=\"100%\" cellspacing=\"0\" cellpadding=\"0\">\n<tbody>\n<tr>\n<td valign=\"top\"><\/td>\n<\/tr>\n<tr>\n<td valign=\"top\">La Administraci\u00f3n Federal de Ingresos P\u00fablicos, con el objetivo de coadyuvar al cumplimiento de las obligaciones de los contribuyentes y\/o responsables, establece un<strong>\u00a0r\u00e9gimen de facilidades de pago<\/strong>\u00a0a los efectos de la cancelaci\u00f3n del saldo resultante de la declaraci\u00f3n jurada del\u00a0<strong>Aporte Solidario y\u00a0Extraordinario para\u00a0ayudar a\u00a0morigerar los efectos de\u00a0la\u00a0Pandemia<\/strong>, conjuntamente con sus intereses -en caso de corresponder-.\u00a0Los\u00a0<u>requisitos necesarios<\/u>\u00a0para adherirse al plan son:- Poseer domicilio fiscal electr\u00f3nico constituido.- Tener presentada la declaraci\u00f3n jurada del aporte, con anterioridad a la solicitud de adhesi\u00f3n al r\u00e9gimen.- Declarar en el servicio &#8216;Declaraci\u00f3n de CBU&#8217; ela Clave Bancaria Uniforme (CBU) de la cuenta corriente o de la caja de ahorro de la que se debitar\u00e1n las cuotas.\u00a0Dicho plan tendr\u00e1 las siguientes\u00a0<u>condiciones,<\/u>\u00a0entre otras:a) Un pago a cuenta equivalente al 20% de la deuda consolidada.b) El m\u00e1ximo de cuotas a otorgar ser\u00e1 de cincoc) Las cuotas ser\u00e1n mensuales, iguales y consecutivas, excepto la primera de ellas,d) La tasa de financiaci\u00f3n corresponder\u00e1 a la tasa de inter\u00e9s resarcitorio.e) La fecha de consolidaci\u00f3n de la deuda ser\u00e1 la correspondiente a la fecha de cancelaci\u00f3n del pago a cuenta.<\/td>\n<\/tr>\n<\/tbody>\n<\/table>\n","protected":false},"excerpt":{"rendered":"<p>Aporte Solidario y Extraordinario para ayudar a morigerar los efectos de la Pandemia. Ley N\u00ba 27.605. R\u00e9gimen de Facilidades de Pago. Su implementaci\u00f3n.<\/p>\n","protected":false},"author":1,"featured_media":0,"comment_status":"closed","ping_status":"open","sticky":false,"template":"","format":"standard","meta":[],"categories":[5],"tags":[],"_links":{"self":[{"href":"https:\/\/www.adeba.com.ar\/en\/wp-json\/wp\/v2\/posts\/18836"}],"collection":[{"href":"https:\/\/www.adeba.com.ar\/en\/wp-json\/wp\/v2\/posts"}],"about":[{"href":"https:\/\/www.adeba.com.ar\/en\/wp-json\/wp\/v2\/types\/post"}],"author":[{"embeddable":true,"href":"https:\/\/www.adeba.com.ar\/en\/wp-json\/wp\/v2\/users\/1"}],"replies":[{"embeddable":true,"href":"https:\/\/www.adeba.com.ar\/en\/wp-json\/wp\/v2\/comments?post=18836"}],"version-history":[{"count":2,"href":"https:\/\/www.adeba.com.ar\/en\/wp-json\/wp\/v2\/posts\/18836\/revisions"}],"predecessor-version":[{"id":18838,"href":"https:\/\/www.adeba.com.ar\/en\/wp-json\/wp\/v2\/posts\/18836\/revisions\/18838"}],"wp:attachment":[{"href":"https:\/\/www.adeba.com.ar\/en\/wp-json\/wp\/v2\/media?parent=18836"}],"wp:term":[{"taxonomy":"category","embeddable":true,"href":"https:\/\/www.adeba.com.ar\/en\/wp-json\/wp\/v2\/categories?post=18836"},{"taxonomy":"post_tag","embeddable":true,"href":"https:\/\/www.adeba.com.ar\/en\/wp-json\/wp\/v2\/tags?post=18836"}],"curies":[{"name":"wp","href":"https:\/\/api.w.org\/{rel}","templated":true}]}}