{"id":18757,"date":"2021-02-26T11:52:40","date_gmt":"2021-02-26T14:52:40","guid":{"rendered":"https:\/\/www.adeba.com.ar\/?p=18757"},"modified":"2021-03-02T10:45:01","modified_gmt":"2021-03-02T13:45:01","slug":"protocolo-para-proteccion-de-victimas-de-violencia-de-genero","status":"publish","type":"post","link":"https:\/\/www.adeba.com.ar\/en\/protocolo-para-proteccion-de-victimas-de-violencia-de-genero\/","title":{"rendered":"Protocolo para protecci\u00f3n de v\u00edctimas de violencia de g\u00e9nero"},"content":{"rendered":"<p><span style=\"font-weight: 400;\">ADEBA ha impulsado, en conjunto con otras c\u00e1maras bancarias y representantes de los trabajadores, la firma de un Protocolo ante casos de acoso y\/o violencia de g\u00e9nero o violencia dom\u00e9stica. As\u00ed ADEBA extiende a la totalidad de sus asociados un modelo de Protocolo que ya era aplicado por algunas entidades en forma individual.\u00a0<\/span><\/p>\n<p><span style=\"font-weight: 400;\">Este Protocolo expresa el compromiso de los bancos en acompa\u00f1ar a sus colaboradores, mujeres y varones, en caso de que sufran situaciones de acoso o violencia familiar. En ese marco las entidades dar\u00e1n a las victimas apoyo de profesionales, asistencia financiera, licencias con goce de sueldo y la posibilidad de cambio de lugar de trabajo, si as\u00ed lo requieren. El referido protocolo prev\u00e9, adem\u00e1s, la organizaci\u00f3n de \u00e1mbitos espec\u00edficos para la coordinaci\u00f3n y seguimiento de estas situaciones, como tambi\u00e9n se detallan las acciones especiales a tomar en casos de denuncias en este sentido.<\/span><\/p>\n<p><span style=\"font-weight: 400;\">Al respecto, el presidente de ADEBA, Javier Bolzico afirm\u00f3: \u201c<\/span><i><span style=\"font-weight: 400;\">la adopci\u00f3n de este Protocolo es un avance significativo y demuestra el compromiso de los bancos de asistir y brindar protecci\u00f3n a v\u00edctimas de cualquier tipo de atentado contra su integridad f\u00edsica, psicol\u00f3gica o sexual. Es importante contar con un plan de acci\u00f3n predeterminado, en base los estudios y recomendaciones t\u00e9cnicas, para poder tomar medidas inmediatas y efectivas para la protecci\u00f3n de la v\u00edctima. Es precisamente eso lo que nos da este Protocolo\u201d.<\/span><\/i><\/p>\n<p><span style=\"font-weight: 400;\">Por su parte, la coordinadora del Grupo de Equidad de la asociaci\u00f3n, Alejandra Naughton destac\u00f3: <\/span><i><span style=\"font-weight: 400;\">\u201ccelebramos el acuerdo alcanzado ya que el mismo atiende una problem\u00e1tica muy preocupante como la violencia dom\u00e9stica y se encuentra en l\u00ednea con los objetivos planteados por el Grupo de Equidad de G\u00e9nero de ADEBA, espacio en el que trabajamos para alcanzar igualdad de condiciones y oportunidades para todas las personas que se desempe\u00f1en en el \u00e1mbito bancario<\/span><\/i><i><span style=\"font-weight: 400;\">\u201d.<\/span><\/i><\/p>\n<p><span style=\"font-weight: 400;\">El protocolo adem\u00e1s de ser una gu\u00eda efectiva frente a casos puntuales, es una herramienta que ayuda a poner en agenda, visibilizar y avanzar hacia la prevenci\u00f3n del acoso y violencia familiar.\u00a0\u00a0<\/span><\/p>\n","protected":false},"excerpt":{"rendered":"<p>ADEBA ha impulsado, en conjunto con otras c\u00e1maras bancarias y representantes de los trabajadores, la firma de un Protocolo ante casos de acoso y\/o violencia de g\u00e9nero o violencia dom\u00e9stica.<span class=\"more\"><a class=\"more-link\" href=\"https:\/\/www.adeba.com.ar\/en\/protocolo-para-proteccion-de-victimas-de-violencia-de-genero\/\">Seguir leyendo <span class=\"meta-nav\">&#8594;<\/span><\/a><\/span><\/p>\n","protected":false},"author":1,"featured_media":1684,"comment_status":"closed","ping_status":"open","sticky":false,"template":"","format":"standard","meta":[],"categories":[4],"tags":[],"_links":{"self":[{"href":"https:\/\/www.adeba.com.ar\/en\/wp-json\/wp\/v2\/posts\/18757"}],"collection":[{"href":"https:\/\/www.adeba.com.ar\/en\/wp-json\/wp\/v2\/posts"}],"about":[{"href":"https:\/\/www.adeba.com.ar\/en\/wp-json\/wp\/v2\/types\/post"}],"author":[{"embeddable":true,"href":"https:\/\/www.adeba.com.ar\/en\/wp-json\/wp\/v2\/users\/1"}],"replies":[{"embeddable":true,"href":"https:\/\/www.adeba.com.ar\/en\/wp-json\/wp\/v2\/comments?post=18757"}],"version-history":[{"count":3,"href":"https:\/\/www.adeba.com.ar\/en\/wp-json\/wp\/v2\/posts\/18757\/revisions"}],"predecessor-version":[{"id":18760,"href":"https:\/\/www.adeba.com.ar\/en\/wp-json\/wp\/v2\/posts\/18757\/revisions\/18760"}],"wp:featuredmedia":[{"embeddable":true,"href":"https:\/\/www.adeba.com.ar\/en\/wp-json\/wp\/v2\/media\/1684"}],"wp:attachment":[{"href":"https:\/\/www.adeba.com.ar\/en\/wp-json\/wp\/v2\/media?parent=18757"}],"wp:term":[{"taxonomy":"category","embeddable":true,"href":"https:\/\/www.adeba.com.ar\/en\/wp-json\/wp\/v2\/categories?post=18757"},{"taxonomy":"post_tag","embeddable":true,"href":"https:\/\/www.adeba.com.ar\/en\/wp-json\/wp\/v2\/tags?post=18757"}],"curies":[{"name":"wp","href":"https:\/\/api.w.org\/{rel}","templated":true}]}}