{"id":17894,"date":"2020-12-22T10:27:34","date_gmt":"2020-12-22T13:27:34","guid":{"rendered":"https:\/\/www.adeba.com.ar\/?p=17894"},"modified":"2020-12-23T10:28:11","modified_gmt":"2020-12-23T13:28:11","slug":"resolucion-de-la-secretaria-de-la-pequena-y-la-mediana-empresa-y-desarrollo-regional-167-2020","status":"publish","type":"post","link":"https:\/\/www.adeba.com.ar\/en\/resolucion-de-la-secretaria-de-la-pequena-y-la-mediana-empresa-y-desarrollo-regional-167-2020\/","title":{"rendered":"Resoluci\u00f3n de la Secretar\u00eda de la Peque\u00f1a y la Mediana Empresa y Desarrollo Regional 167\/2020"},"content":{"rendered":"<table border=\"0\" width=\"100%\" cellspacing=\"0\" cellpadding=\"0\">\n<tbody>\n<tr>\n<td valign=\"top\"><\/td>\n<\/tr>\n<tr>\n<td valign=\"top\">La\u00a0<span class=\"m_1296047966590481990s3\"><b>Secretar\u00eda de la Peque\u00f1a y Mediana Empresa y los Emprendedores<\/b>\u00a0decide, a ra\u00edz del contexto de emergencia p\u00fablica,\u00a0<b><i>prorrogar por el plazo de 1\u00a0a\u00f1o<\/i><\/b>\u00a0la medida que<u>\u00a0ampl\u00eda el plazo previsto en la Ley N\u00b0 27.440 para la obligatoriedad de la emisi\u00f3n de las &#8216;Facturas de Cr\u00e9dito Electr\u00f3nicas MiPyMEs&#8217; y la aceptaci\u00f3n de las mismas.<\/u>\u00a0\u00a0Asimismo, se extiende tambi\u00e9n h<u>asta el d\u00eda 31 de diciembre de 2021<\/u>, el plazo de 30\u00a0d\u00edas corridos\u00a0para efectuar el\u00a0<u>rechazo de la &#8216;Factura de Cr\u00e9dito Electr\u00f3nica MiPyMEs&#8217; y su inscripci\u00f3n en el Registro.<\/u>\u00a0<\/span><\/td>\n<\/tr>\n<\/tbody>\n<\/table>\n","protected":false},"excerpt":{"rendered":"<p>Pr\u00f3rroga de la medida que ampl\u00eda el plazo previsto en la Ley N\u00ba 27.440 para la obligatoriedad de la emisi\u00f3n de las &#8216;Facturas de Cr\u00e9dito Electr\u00f3nicas MiPyMEs&#8217;<\/p>\n","protected":false},"author":1,"featured_media":0,"comment_status":"closed","ping_status":"open","sticky":false,"template":"","format":"standard","meta":[],"categories":[5],"tags":[],"_links":{"self":[{"href":"https:\/\/www.adeba.com.ar\/en\/wp-json\/wp\/v2\/posts\/17894"}],"collection":[{"href":"https:\/\/www.adeba.com.ar\/en\/wp-json\/wp\/v2\/posts"}],"about":[{"href":"https:\/\/www.adeba.com.ar\/en\/wp-json\/wp\/v2\/types\/post"}],"author":[{"embeddable":true,"href":"https:\/\/www.adeba.com.ar\/en\/wp-json\/wp\/v2\/users\/1"}],"replies":[{"embeddable":true,"href":"https:\/\/www.adeba.com.ar\/en\/wp-json\/wp\/v2\/comments?post=17894"}],"version-history":[{"count":1,"href":"https:\/\/www.adeba.com.ar\/en\/wp-json\/wp\/v2\/posts\/17894\/revisions"}],"predecessor-version":[{"id":17895,"href":"https:\/\/www.adeba.com.ar\/en\/wp-json\/wp\/v2\/posts\/17894\/revisions\/17895"}],"wp:attachment":[{"href":"https:\/\/www.adeba.com.ar\/en\/wp-json\/wp\/v2\/media?parent=17894"}],"wp:term":[{"taxonomy":"category","embeddable":true,"href":"https:\/\/www.adeba.com.ar\/en\/wp-json\/wp\/v2\/categories?post=17894"},{"taxonomy":"post_tag","embeddable":true,"href":"https:\/\/www.adeba.com.ar\/en\/wp-json\/wp\/v2\/tags?post=17894"}],"curies":[{"name":"wp","href":"https:\/\/api.w.org\/{rel}","templated":true}]}}