{"id":17888,"date":"2020-12-22T10:25:27","date_gmt":"2020-12-22T13:25:27","guid":{"rendered":"https:\/\/www.adeba.com.ar\/?p=17888"},"modified":"2020-12-23T10:25:58","modified_gmt":"2020-12-23T13:25:58","slug":"caba-decreto-provincial-446-2020","status":"publish","type":"post","link":"https:\/\/www.adeba.com.ar\/en\/caba-decreto-provincial-446-2020\/","title":{"rendered":"CABA Decreto Provincial 446\/2020"},"content":{"rendered":"<table border=\"0\" width=\"100%\" cellspacing=\"0\" cellpadding=\"0\">\n<tbody>\n<tr>\n<td valign=\"top\"><\/td>\n<\/tr>\n<tr>\n<td valign=\"top\">El Gobierno de la Ciudad Aut\u00f3noma de Buenos Aires\u00a0declara\u00a0<strong>d\u00edas inh\u00e1biles administrativos\u00a0<u>el\u00a024\u00a0y el 31\u00a0de diciembre de 2020<\/u>\u00a0para el personal dependiente de dicha administraci\u00f3n<\/strong>.<\/td>\n<\/tr>\n<\/tbody>\n<\/table>\n","protected":false},"excerpt":{"rendered":"<p>Se declaran d\u00edas inh\u00e1biles administrativos para el Gobierno de la Ciudad Aut\u00f3noma de Buenos Aires, los d\u00edas 24 y 31 de diciembre de 2020.<\/p>\n","protected":false},"author":1,"featured_media":0,"comment_status":"closed","ping_status":"open","sticky":false,"template":"","format":"standard","meta":[],"categories":[5],"tags":[],"_links":{"self":[{"href":"https:\/\/www.adeba.com.ar\/en\/wp-json\/wp\/v2\/posts\/17888"}],"collection":[{"href":"https:\/\/www.adeba.com.ar\/en\/wp-json\/wp\/v2\/posts"}],"about":[{"href":"https:\/\/www.adeba.com.ar\/en\/wp-json\/wp\/v2\/types\/post"}],"author":[{"embeddable":true,"href":"https:\/\/www.adeba.com.ar\/en\/wp-json\/wp\/v2\/users\/1"}],"replies":[{"embeddable":true,"href":"https:\/\/www.adeba.com.ar\/en\/wp-json\/wp\/v2\/comments?post=17888"}],"version-history":[{"count":1,"href":"https:\/\/www.adeba.com.ar\/en\/wp-json\/wp\/v2\/posts\/17888\/revisions"}],"predecessor-version":[{"id":17889,"href":"https:\/\/www.adeba.com.ar\/en\/wp-json\/wp\/v2\/posts\/17888\/revisions\/17889"}],"wp:attachment":[{"href":"https:\/\/www.adeba.com.ar\/en\/wp-json\/wp\/v2\/media?parent=17888"}],"wp:term":[{"taxonomy":"category","embeddable":true,"href":"https:\/\/www.adeba.com.ar\/en\/wp-json\/wp\/v2\/categories?post=17888"},{"taxonomy":"post_tag","embeddable":true,"href":"https:\/\/www.adeba.com.ar\/en\/wp-json\/wp\/v2\/tags?post=17888"}],"curies":[{"name":"wp","href":"https:\/\/api.w.org\/{rel}","templated":true}]}}