{"id":17874,"date":"2020-12-21T10:20:15","date_gmt":"2020-12-21T13:20:15","guid":{"rendered":"https:\/\/www.adeba.com.ar\/?p=17874"},"modified":"2020-12-23T10:20:47","modified_gmt":"2020-12-23T13:20:47","slug":"resolucion-general-de-la-comision-nacional-de-valores-876","status":"publish","type":"post","link":"https:\/\/www.adeba.com.ar\/en\/resolucion-general-de-la-comision-nacional-de-valores-876\/","title":{"rendered":"Resoluci\u00f3n General de la Comisi\u00f3n Nacional de Valores 876"},"content":{"rendered":"<table border=\"0\" width=\"100%\" cellspacing=\"0\" cellpadding=\"0\">\n<tbody>\n<tr>\n<td valign=\"top\"><\/td>\n<\/tr>\n<tr>\n<td valign=\"top\">La\u00a0Comisi\u00f3n Nacional de\u00a0Valores\u00a0resolvi\u00f3<strong>\u00a0suspender, en forma transitoria, la percepci\u00f3n de la tasa anual de fiscalizaci\u00f3n y control correspondiente al a\u00f1o 2021<\/strong>, a excepci\u00f3n de la correspondiente a los Agentes de Administraci\u00f3n y Custodia de Fondos Comunes de Inversi\u00f3n, hasta tanto se dicte el acto administrativo correspondiente.\u00a0La presente resoluci\u00f3n tampoco\u00a0alcanza aquellos casos que se encuentren en mora en el pago de la tasa de fiscalizaci\u00f3n y control correspondiente a a\u00f1os anteriores.<\/td>\n<\/tr>\n<\/tbody>\n<\/table>\n","protected":false},"excerpt":{"rendered":"<p>Pr\u00f3rroga Fecha de Pago Tasa de Fiscalizaci\u00f3n y Control 2021<\/p>\n","protected":false},"author":1,"featured_media":0,"comment_status":"closed","ping_status":"open","sticky":false,"template":"","format":"standard","meta":[],"categories":[5],"tags":[],"_links":{"self":[{"href":"https:\/\/www.adeba.com.ar\/en\/wp-json\/wp\/v2\/posts\/17874"}],"collection":[{"href":"https:\/\/www.adeba.com.ar\/en\/wp-json\/wp\/v2\/posts"}],"about":[{"href":"https:\/\/www.adeba.com.ar\/en\/wp-json\/wp\/v2\/types\/post"}],"author":[{"embeddable":true,"href":"https:\/\/www.adeba.com.ar\/en\/wp-json\/wp\/v2\/users\/1"}],"replies":[{"embeddable":true,"href":"https:\/\/www.adeba.com.ar\/en\/wp-json\/wp\/v2\/comments?post=17874"}],"version-history":[{"count":1,"href":"https:\/\/www.adeba.com.ar\/en\/wp-json\/wp\/v2\/posts\/17874\/revisions"}],"predecessor-version":[{"id":17875,"href":"https:\/\/www.adeba.com.ar\/en\/wp-json\/wp\/v2\/posts\/17874\/revisions\/17875"}],"wp:attachment":[{"href":"https:\/\/www.adeba.com.ar\/en\/wp-json\/wp\/v2\/media?parent=17874"}],"wp:term":[{"taxonomy":"category","embeddable":true,"href":"https:\/\/www.adeba.com.ar\/en\/wp-json\/wp\/v2\/categories?post=17874"},{"taxonomy":"post_tag","embeddable":true,"href":"https:\/\/www.adeba.com.ar\/en\/wp-json\/wp\/v2\/tags?post=17874"}],"curies":[{"name":"wp","href":"https:\/\/api.w.org\/{rel}","templated":true}]}}