{"id":17866,"date":"2020-12-21T10:17:19","date_gmt":"2020-12-21T13:17:19","guid":{"rendered":"https:\/\/www.adeba.com.ar\/?p=17866"},"modified":"2020-12-23T10:17:52","modified_gmt":"2020-12-23T13:17:52","slug":"resolucion-del-instituto-nacional-de-asociativismo-y-economia-social-1182-2020","status":"publish","type":"post","link":"https:\/\/www.adeba.com.ar\/en\/resolucion-del-instituto-nacional-de-asociativismo-y-economia-social-1182-2020\/","title":{"rendered":"Resoluci\u00f3n del Instituto Nacional de Asociativismo y Econom\u00eda Social 1182\/2020"},"content":{"rendered":"<table border=\"0\" width=\"100%\" cellspacing=\"0\" cellpadding=\"0\">\n<tbody>\n<tr>\n<td valign=\"top\"><\/td>\n<\/tr>\n<tr>\n<td valign=\"top\">El\u00a0Directorio del\u00a0Instituto Nacional de\u00a0Asociativismo Econom\u00eda Social estableci\u00f3 que las cooperativas y mutuales que revistan el car\u00e1cter de sujetos obligados en los t\u00e9rminos del art\u00edculo 20 inciso 20 de la Ley Nro. 25.246 y sus modificatorias<span class=\"m_8300169992793495352s3\">\u00a0y Resoluci\u00f3n N\u00ba\u00a011\/12 de la UIF -identificadas en el Anexo-\u00a0<\/span><strong>deber\u00e1n informar bajo la forma de declaraci\u00f3n jurada, la informaci\u00f3n estad\u00edstica detallada en el Anexo II.<\/strong><span class=\"m_8300169992793495352s3\">\u00a0\u00a0Explican que esta medida reponde a que consideran conveniente contar con informaci\u00f3n estad\u00edstica de las cooperativas y mutuales que revisten el car\u00e1cter de sujetos obligados, a fin de identificar, reunir y analizar la informaci\u00f3n necesaria para lograr un diagn\u00f3stico completo, objetivo y certero\u00a0<u>con el objetivo\u00a0de dise\u00f1ar el Plan de Trabajo para la elaboraci\u00f3n de la Evaluaci\u00f3n Nacional de Riesgos de Lavado de Activos\u00a0<\/u>\u00a0La informaci\u00f3n solicitada deber\u00e1 ser presentada por transmisi\u00f3n electr\u00f3nica al sitio web del organismo a partir del 21 de diciembre y\u00a0<u>hasta el d\u00eda 30 de diciembre del corriente a\u00f1o.<\/u>\u00a0Aclaran que el incumplimiento del r\u00e9gimen informativo podr\u00e1 dar lugar a la aplicaci\u00f3n de\u00a0sanciones.\u00a0<\/span><\/td>\n<\/tr>\n<\/tbody>\n<\/table>\n","protected":false},"excerpt":{"rendered":"<p>Las cooperativas y mutuales que revisten el car\u00e1cter de SO en los t\u00e9rminos de la Ley Nro. 25.246 y Resoluci\u00f3n N\u00ba 11\/12 de la UIF deber\u00e1n informar al INAES, bajo la forma de declaraci\u00f3n jurada, la informaci\u00f3n estad\u00edstica detallada.<\/p>\n","protected":false},"author":1,"featured_media":0,"comment_status":"closed","ping_status":"open","sticky":false,"template":"","format":"standard","meta":[],"categories":[5],"tags":[],"_links":{"self":[{"href":"https:\/\/www.adeba.com.ar\/en\/wp-json\/wp\/v2\/posts\/17866"}],"collection":[{"href":"https:\/\/www.adeba.com.ar\/en\/wp-json\/wp\/v2\/posts"}],"about":[{"href":"https:\/\/www.adeba.com.ar\/en\/wp-json\/wp\/v2\/types\/post"}],"author":[{"embeddable":true,"href":"https:\/\/www.adeba.com.ar\/en\/wp-json\/wp\/v2\/users\/1"}],"replies":[{"embeddable":true,"href":"https:\/\/www.adeba.com.ar\/en\/wp-json\/wp\/v2\/comments?post=17866"}],"version-history":[{"count":1,"href":"https:\/\/www.adeba.com.ar\/en\/wp-json\/wp\/v2\/posts\/17866\/revisions"}],"predecessor-version":[{"id":17867,"href":"https:\/\/www.adeba.com.ar\/en\/wp-json\/wp\/v2\/posts\/17866\/revisions\/17867"}],"wp:attachment":[{"href":"https:\/\/www.adeba.com.ar\/en\/wp-json\/wp\/v2\/media?parent=17866"}],"wp:term":[{"taxonomy":"category","embeddable":true,"href":"https:\/\/www.adeba.com.ar\/en\/wp-json\/wp\/v2\/categories?post=17866"},{"taxonomy":"post_tag","embeddable":true,"href":"https:\/\/www.adeba.com.ar\/en\/wp-json\/wp\/v2\/tags?post=17866"}],"curies":[{"name":"wp","href":"https:\/\/api.w.org\/{rel}","templated":true}]}}