{"id":17862,"date":"2020-12-21T10:16:01","date_gmt":"2020-12-21T13:16:01","guid":{"rendered":"https:\/\/www.adeba.com.ar\/?p=17862"},"modified":"2020-12-23T10:16:28","modified_gmt":"2020-12-23T13:16:28","slug":"resolucion-general-de-la-administracion-federal-de-ingresos-publicos-4884-2020","status":"publish","type":"post","link":"https:\/\/www.adeba.com.ar\/en\/resolucion-general-de-la-administracion-federal-de-ingresos-publicos-4884-2020\/","title":{"rendered":"Resoluci\u00f3n General de la Administraci\u00f3n Federal de Ingresos P\u00fablicos 4884\/2020\u00a0&#8211;\u00a0"},"content":{"rendered":"<p>Procedimiento. Plazo de gracia. Resoluci\u00f3n General N\u00ba 2.452 (DGI). Su abrogaci\u00f3n.<\/p>\n","protected":false},"excerpt":{"rendered":"<p>Procedimiento. Plazo de gracia. Resoluci\u00f3n General N\u00ba 2.452 (DGI). Su abrogaci\u00f3n.<\/p>\n","protected":false},"author":1,"featured_media":0,"comment_status":"closed","ping_status":"open","sticky":false,"template":"","format":"standard","meta":[],"categories":[5],"tags":[],"_links":{"self":[{"href":"https:\/\/www.adeba.com.ar\/en\/wp-json\/wp\/v2\/posts\/17862"}],"collection":[{"href":"https:\/\/www.adeba.com.ar\/en\/wp-json\/wp\/v2\/posts"}],"about":[{"href":"https:\/\/www.adeba.com.ar\/en\/wp-json\/wp\/v2\/types\/post"}],"author":[{"embeddable":true,"href":"https:\/\/www.adeba.com.ar\/en\/wp-json\/wp\/v2\/users\/1"}],"replies":[{"embeddable":true,"href":"https:\/\/www.adeba.com.ar\/en\/wp-json\/wp\/v2\/comments?post=17862"}],"version-history":[{"count":1,"href":"https:\/\/www.adeba.com.ar\/en\/wp-json\/wp\/v2\/posts\/17862\/revisions"}],"predecessor-version":[{"id":17863,"href":"https:\/\/www.adeba.com.ar\/en\/wp-json\/wp\/v2\/posts\/17862\/revisions\/17863"}],"wp:attachment":[{"href":"https:\/\/www.adeba.com.ar\/en\/wp-json\/wp\/v2\/media?parent=17862"}],"wp:term":[{"taxonomy":"category","embeddable":true,"href":"https:\/\/www.adeba.com.ar\/en\/wp-json\/wp\/v2\/categories?post=17862"},{"taxonomy":"post_tag","embeddable":true,"href":"https:\/\/www.adeba.com.ar\/en\/wp-json\/wp\/v2\/tags?post=17862"}],"curies":[{"name":"wp","href":"https:\/\/api.w.org\/{rel}","templated":true}]}}