{"id":17848,"date":"2020-12-18T13:18:43","date_gmt":"2020-12-18T16:18:43","guid":{"rendered":"https:\/\/www.adeba.com.ar\/?p=17848"},"modified":"2020-12-18T13:18:43","modified_gmt":"2020-12-18T16:18:43","slug":"ley-27605","status":"publish","type":"post","link":"https:\/\/www.adeba.com.ar\/en\/ley-27605\/","title":{"rendered":"Ley 27605"},"content":{"rendered":"<table border=\"0\" width=\"100%\" cellspacing=\"0\" cellpadding=\"0\">\n<tbody>\n<tr>\n<td valign=\"top\"><\/td>\n<\/tr>\n<tr>\n<td valign=\"top\">Con car\u00e1cter de emergencia y por \u00fanica vez el Gobierno Nacional crea\u00a0un\u00a0<strong>aporte extraordinario, obligatorio\u00a0<\/strong>que recaer\u00e1 sobre las siguientes personas (seg\u00fan sus bienes existentes a la fecha de entrada en vigencia de esta ley):\u00a0&#8211;\u00a0<span class=\"m_2119277614808558588s2\">Las\u00a0<\/span><strong><i>personas humanas y sucesiones indivisas residentes en el pa\u00eds<\/i><\/strong><span class=\"m_2119277614808558588s2\">, por la totalidad de sus bienes en el pa\u00eds y en el exterior, y sin deducci\u00f3n de m\u00ednimo no imponible alguno, a la fecha de entrada en vigencia de esta ley.\u00a0\u00a0&#8211;\u00a0<\/span><strong><i>Personas humanas de nacionalidad argentina cuyo domicilio o residencia se encuentre en &#8216;jurisdicciones no cooperantes&#8217; o &#8216;jurisdicciones de baja o nula tributaci\u00f3n&#8217;<\/i><\/strong><span class=\"m_2119277614808558588s2\">, ser\u00e1n consideradas sujetos residentes a los efectos de este aporte.\u00a0&#8211;\u00a0<\/span><em><b>Las personas humanas y sucesiones indivisas residentes en el exterior\u00a0por la totalidad de sus bienes en el pa\u00eds\u00a0<\/b><\/em><span class=\"m_2119277614808558588s2\">sin deducci\u00f3n de m\u00ednimo no imponible alguno, a la fecha de entrada en vigencia de esta ley.\u00a0<\/span><strong>Excepci\u00f3n.<\/strong><span class=\"m_2119277614808558588s2\">\u00a0Quedan exentas de este aporte cuando el\u00a0<u>valor de la totalidad de los bienes no exceda de los $ 200.000.000, inclusive.\u00a0<\/u>Cuando se supere la mencionada cifra, quedar\u00e1 alcanzada por el aporte de la totalidad de los bienes, debiendo ingresarlo de conformidad a lo dispuesto en la ley.\u00a0<\/span><strong>Aporte<\/strong><span class=\"m_2119277614808558588s2\">. La base de determinaci\u00f3n all\u00ed mencionada se calcular\u00e1<u>\u00a0incluyendo los aportes a trusts, fideicomisos o fundaciones de inter\u00e9s privado y dem\u00e1s estructuras an\u00e1logas, participaci\u00f3n en sociedades u otros entes de cualquier tipo sin personalidad fiscal y participaci\u00f3n directa o indirecta en sociedades u otros entes de cualquier tipo<\/u>, existentes a la fecha de entrada en vigencia de esta ley.\u00a0<\/span><strong>Escalas.\u00a0<\/strong><span class=\"m_2119277614808558588s2\">Los art\u00edculos 4 y 5 detallan las escalas a aplicar seg\u00fan el valor total de bienes. Asimismo, el articulo 6 define el procedimiento de repatriaci\u00f3n para aquellos bienes situados en el exterior.\u00a0<\/span><strong>Destinos.\u00a0<\/strong><span class=\"m_2119277614808558588s2\">Lo recaudado se aplicar\u00e1 a<\/span><strong>\u00a0<\/strong><span class=\"m_2119277614808558588s2\">la compra y\/o elaboraci\u00f3n de equipamiento m\u00e9dico, elementos de protecci\u00f3n, medicamentos, vacunas;\u00a0a subsidios a las micro, peque\u00f1as y medianas empresas;\u00a0al programa integral de becas Progresar, entre otros.<\/span><\/td>\n<\/tr>\n<\/tbody>\n<\/table>\n","protected":false},"excerpt":{"rendered":"<p>Aporte Solidario y Extraordinario para ayudar a morigerar los efectos de la pandemia.<\/p>\n","protected":false},"author":1,"featured_media":0,"comment_status":"closed","ping_status":"open","sticky":false,"template":"","format":"standard","meta":[],"categories":[5],"tags":[],"_links":{"self":[{"href":"https:\/\/www.adeba.com.ar\/en\/wp-json\/wp\/v2\/posts\/17848"}],"collection":[{"href":"https:\/\/www.adeba.com.ar\/en\/wp-json\/wp\/v2\/posts"}],"about":[{"href":"https:\/\/www.adeba.com.ar\/en\/wp-json\/wp\/v2\/types\/post"}],"author":[{"embeddable":true,"href":"https:\/\/www.adeba.com.ar\/en\/wp-json\/wp\/v2\/users\/1"}],"replies":[{"embeddable":true,"href":"https:\/\/www.adeba.com.ar\/en\/wp-json\/wp\/v2\/comments?post=17848"}],"version-history":[{"count":1,"href":"https:\/\/www.adeba.com.ar\/en\/wp-json\/wp\/v2\/posts\/17848\/revisions"}],"predecessor-version":[{"id":17849,"href":"https:\/\/www.adeba.com.ar\/en\/wp-json\/wp\/v2\/posts\/17848\/revisions\/17849"}],"wp:attachment":[{"href":"https:\/\/www.adeba.com.ar\/en\/wp-json\/wp\/v2\/media?parent=17848"}],"wp:term":[{"taxonomy":"category","embeddable":true,"href":"https:\/\/www.adeba.com.ar\/en\/wp-json\/wp\/v2\/categories?post=17848"},{"taxonomy":"post_tag","embeddable":true,"href":"https:\/\/www.adeba.com.ar\/en\/wp-json\/wp\/v2\/tags?post=17848"}],"curies":[{"name":"wp","href":"https:\/\/api.w.org\/{rel}","templated":true}]}}