{"id":17810,"date":"2020-12-17T13:04:00","date_gmt":"2020-12-17T16:04:00","guid":{"rendered":"https:\/\/www.adeba.com.ar\/?p=17810"},"modified":"2020-12-18T13:04:33","modified_gmt":"2020-12-18T16:04:33","slug":"decreto-1010-2020","status":"publish","type":"post","link":"https:\/\/www.adeba.com.ar\/en\/decreto-1010-2020\/","title":{"rendered":"Decreto 1010\/2020"},"content":{"rendered":"<table border=\"0\" width=\"100%\" cellspacing=\"0\" cellpadding=\"0\">\n<tbody>\n<tr>\n<td valign=\"top\"><\/td>\n<\/tr>\n<tr>\n<td valign=\"top\">El Presidente de la Naci\u00f3n otorga\u00a0<u>asueto<\/u>\u00a0al personal de la Administraci\u00f3n P\u00fablica Nacional\u00a0<u>los d\u00edas 24 y 31 de diciembre de 2020<\/u>. La medida no alcanza a las instituciones bancarias y entidades financieras.<\/td>\n<\/tr>\n<\/tbody>\n<\/table>\n","protected":false},"excerpt":{"rendered":"<p>Ot\u00f3rgase asueto al personal de la Administraci\u00f3n P\u00fablica Nacional.<\/p>\n","protected":false},"author":1,"featured_media":0,"comment_status":"closed","ping_status":"open","sticky":false,"template":"","format":"standard","meta":[],"categories":[5],"tags":[],"_links":{"self":[{"href":"https:\/\/www.adeba.com.ar\/en\/wp-json\/wp\/v2\/posts\/17810"}],"collection":[{"href":"https:\/\/www.adeba.com.ar\/en\/wp-json\/wp\/v2\/posts"}],"about":[{"href":"https:\/\/www.adeba.com.ar\/en\/wp-json\/wp\/v2\/types\/post"}],"author":[{"embeddable":true,"href":"https:\/\/www.adeba.com.ar\/en\/wp-json\/wp\/v2\/users\/1"}],"replies":[{"embeddable":true,"href":"https:\/\/www.adeba.com.ar\/en\/wp-json\/wp\/v2\/comments?post=17810"}],"version-history":[{"count":1,"href":"https:\/\/www.adeba.com.ar\/en\/wp-json\/wp\/v2\/posts\/17810\/revisions"}],"predecessor-version":[{"id":17811,"href":"https:\/\/www.adeba.com.ar\/en\/wp-json\/wp\/v2\/posts\/17810\/revisions\/17811"}],"wp:attachment":[{"href":"https:\/\/www.adeba.com.ar\/en\/wp-json\/wp\/v2\/media?parent=17810"}],"wp:term":[{"taxonomy":"category","embeddable":true,"href":"https:\/\/www.adeba.com.ar\/en\/wp-json\/wp\/v2\/categories?post=17810"},{"taxonomy":"post_tag","embeddable":true,"href":"https:\/\/www.adeba.com.ar\/en\/wp-json\/wp\/v2\/tags?post=17810"}],"curies":[{"name":"wp","href":"https:\/\/api.w.org\/{rel}","templated":true}]}}