{"id":17788,"date":"2020-12-16T12:45:27","date_gmt":"2020-12-16T15:45:27","guid":{"rendered":"https:\/\/www.adeba.com.ar\/?p=17788"},"modified":"2020-12-18T12:46:05","modified_gmt":"2020-12-18T15:46:05","slug":"resolucion-general-de-la-administracion-federal-de-ingresos-publicos-4881-2020","status":"publish","type":"post","link":"https:\/\/www.adeba.com.ar\/en\/resolucion-general-de-la-administracion-federal-de-ingresos-publicos-4881-2020\/","title":{"rendered":"Resoluci\u00f3n General de la Administraci\u00f3n Federal de Ingresos P\u00fablicos 4881\/2020"},"content":{"rendered":"<table border=\"0\" width=\"100%\" cellspacing=\"0\" cellpadding=\"0\">\n<tbody>\n<tr>\n<td valign=\"top\"><\/td>\n<\/tr>\n<tr>\n<td valign=\"top\">La Administraci\u00f3n Federal de Ingresos P\u00fablicos dispone que se podr\u00e1 acceder al servicio web &#8216;<em>Programa de Asistencia de Emergencia al Trabajo y la Producci\u00f3n &#8211; ATP<\/em>&#8216;,\u00a0<u>desde el 17 de diciembre y hasta el 23 de diciembre de 2020<\/u>, ambas fechas inclusive, a los efectos de obtener, de as\u00ed corresponder, los beneficios establecidos<a href=\"https:\/\/www.normasfinancieras.com\/vsr\/jump.aspx?nm_origen=MailSintesis&#038;entorno=SFM_TO&#038;nm_accion=LinkDoc&#038;link=C124253\" target=\"_blank\" rel=\"noopener\" data-saferedirecturl=\"https:\/\/www.google.com\/url?q=https:\/\/www.normasfinancieras.com\/vsr\/jump.aspx?nm_origen%3DMailSintesis%26entorno%3DSFM_TO%26nm_accion%3DLinkDoc%26link%3DC124253&#038;source=gmail&#038;ust=1608387892029000&#038;usg=AFQjCNGmR76Q8L-oEmG1veAPTHaeAMwvCQ\">\u00a0en los incisos a), b) y e) del art\u00edculo 2\u00ba del Decreto N\u00ba 332\/20 y sus modificatorios<\/a>, respecto de los salarios y contribuciones con destino al Sistema Integrado Previsional Argentino que se devenguen durante el mes de diciembre de 2020, o, en su caso, el beneficio del &#8216;Programa REPRO II&#8217;.<\/td>\n<\/tr>\n<\/tbody>\n<\/table>\n","protected":false},"excerpt":{"rendered":"<p>Seguridad Social. Programa de Asistencia de Emergencia al Trabajo y la Producci\u00f3n. Programa REPRO II. Decreto N\u00ba 332\/20 y sus modificatorios. Resoluciones Generales Nros. 4.693 y 4.792, sus respectivas modificatorias y complementarias.<\/p>\n","protected":false},"author":1,"featured_media":0,"comment_status":"closed","ping_status":"open","sticky":false,"template":"","format":"standard","meta":[],"categories":[5],"tags":[],"_links":{"self":[{"href":"https:\/\/www.adeba.com.ar\/en\/wp-json\/wp\/v2\/posts\/17788"}],"collection":[{"href":"https:\/\/www.adeba.com.ar\/en\/wp-json\/wp\/v2\/posts"}],"about":[{"href":"https:\/\/www.adeba.com.ar\/en\/wp-json\/wp\/v2\/types\/post"}],"author":[{"embeddable":true,"href":"https:\/\/www.adeba.com.ar\/en\/wp-json\/wp\/v2\/users\/1"}],"replies":[{"embeddable":true,"href":"https:\/\/www.adeba.com.ar\/en\/wp-json\/wp\/v2\/comments?post=17788"}],"version-history":[{"count":1,"href":"https:\/\/www.adeba.com.ar\/en\/wp-json\/wp\/v2\/posts\/17788\/revisions"}],"predecessor-version":[{"id":17789,"href":"https:\/\/www.adeba.com.ar\/en\/wp-json\/wp\/v2\/posts\/17788\/revisions\/17789"}],"wp:attachment":[{"href":"https:\/\/www.adeba.com.ar\/en\/wp-json\/wp\/v2\/media?parent=17788"}],"wp:term":[{"taxonomy":"category","embeddable":true,"href":"https:\/\/www.adeba.com.ar\/en\/wp-json\/wp\/v2\/categories?post=17788"},{"taxonomy":"post_tag","embeddable":true,"href":"https:\/\/www.adeba.com.ar\/en\/wp-json\/wp\/v2\/tags?post=17788"}],"curies":[{"name":"wp","href":"https:\/\/api.w.org\/{rel}","templated":true}]}}