{"id":17758,"date":"2020-12-16T15:48:50","date_gmt":"2020-12-16T18:48:50","guid":{"rendered":"https:\/\/www.adeba.com.ar\/?p=17758"},"modified":"2020-12-16T15:48:50","modified_gmt":"2020-12-16T18:48:50","slug":"adeba-y-el-ifc-realizaron-el-taller-practicas-en-banca-mujer","status":"publish","type":"post","link":"https:\/\/www.adeba.com.ar\/en\/adeba-y-el-ifc-realizaron-el-taller-practicas-en-banca-mujer\/","title":{"rendered":"ADEBA y el IFC realizaron el Taller \u201cPr\u00e1cticas en Banca Mujer\u201d"},"content":{"rendered":"<p><a href=\"https:\/\/www.adeba.com.ar\/wp-content\/uploads\/2020\/12\/oradores-2.jpg\"><img decoding=\"async\" loading=\"lazy\" class=\"aligncenter  wp-image-17761\" src=\"https:\/\/www.adeba.com.ar\/wp-content\/uploads\/2020\/12\/oradores-2-300x87.jpg\" alt=\"\" width=\"855\" height=\"248\" srcset=\"https:\/\/www.adeba.com.ar\/wp-content\/uploads\/2020\/12\/oradores-2-300x87.jpg 300w, https:\/\/www.adeba.com.ar\/wp-content\/uploads\/2020\/12\/oradores-2-768x224.jpg 768w, https:\/\/www.adeba.com.ar\/wp-content\/uploads\/2020\/12\/oradores-2-1024x298.jpg 1024w, https:\/\/www.adeba.com.ar\/wp-content\/uploads\/2020\/12\/oradores-2-600x175.jpg 600w, https:\/\/www.adeba.com.ar\/wp-content\/uploads\/2020\/12\/oradores-2-780x227.jpg 780w, https:\/\/www.adeba.com.ar\/wp-content\/uploads\/2020\/12\/oradores-2-1200x349.jpg 1200w, https:\/\/www.adeba.com.ar\/wp-content\/uploads\/2020\/12\/oradores-2-1920x559.jpg 1920w\" sizes=\"(max-width: 855px) 100vw, 855px\" \/><\/a><\/p>\n<p>&nbsp;<\/p>\n<p>El 14.12.2020 se llev\u00f3 a cabo el Taller \u201cPr\u00e1cticas en Banca Mujer\u201d, organizado por ADEBA y el IFC \u2013 del Banco Mundial, el que cont\u00f3 con una nutrida participaci\u00f3n de representantes tanto de bancos como de otras organizaciones interesadas en la materia.<\/p>\n<p>El expositor fue Jos\u00e9 Etchegoyen, especialista global en banca mujer del IFC, la rama privada del Banco Mundial.<\/p>\n<p>La apertura estuvo a cargo de Soledad Barrera, coordinadora de comisiones de ADEBA, quien destac\u00f3 que esta actividad fue pensada como un puntapi\u00e9 inicial en la agenda de trabajo del Grupo de Equidad de g\u00e9nero, recientemente creado en ADEBA.<\/p>\n<p>Por su parte, el presidente de ADEBA, Javier Bolzico, puso de relieve que la tem\u00e1tica abordada en el workshop se encuentra en l\u00ednea con la iniciativa respecto a la equidad de g\u00e9nero, materializada a trav\u00e9s del trabajo del Grupo Equidad de G\u00e9nero liderado por Alejandra Naughton.<\/p>\n<p>Durante el taller el orador plante\u00f3 cuestiones concretas, enfocadas en exponer a la Banca Mujer como un caso de negocios, proporcionando herramientas que permiten conocer al segmento como cliente y desarrollar productos y servicios espec\u00edficos, a trav\u00e9s de una adecuada identificaci\u00f3n y puesta en funcionamiento de las mejores pr\u00e1cticas en la materia.<\/p>\n<p>Jos\u00e9 Etchegoyen enfatiz\u00f3 que las m\u00e9tricas muestran que el crecimiento de este segmento es superior al promedio del mercado, como as\u00ed tambi\u00e9n su performance, generando retornos superiores al 20% en t\u00e9rminos generales, lo cual lo convierte en un mercado atractivo, aunque presenta grandes desaf\u00edos dadas las caracter\u00edsticas de las mujeres como clientas bancarias.<\/p>\n<p>Finalmente, se presentaron experiencias de bancos de la regi\u00f3n en el desarrollo e implementaci\u00f3n de servicios y productos orientados a este nicho que se presenta con notable diversidad, habida cuenta de los m\u00faltiples perfiles que puedan presentar las clientas.<\/p>\n<p>Por su parte, en el cierre Alejandra Naughton, remarc\u00f3 la importancia de la consistencia entre el desarrollo del negocio asociado con el segmento y la implementaci\u00f3n de pr\u00e1cticas en diversidad de g\u00e9nero. \u00a0Alejandra destac\u00f3 que existe un importante desaf\u00edo que requiere de una estrategia que lo refleje tanto hacia el mercado como hacia los colaboradores.<\/p>\n<p>El trabajo hacia adelante plantea la necesidad de compartir experiencias para poder crecer en este camino, alineando el trabajo con el grupo de finanzas sostenibles, en concordancia con las mejores pr\u00e1cticas de ESG. Es fundamental contar con m\u00e9tricas que permitan identificar estad\u00edos y puntos de mejora para continuar construyendo una agenda, con el objetivo de integrar todo el sistema financiero.<\/p>\n<p>En el siguiente <a href=\"https:\/\/drive.google.com\/file\/d\/1PVXFhUs24g3n0VmkW6BvEqBzzfZV_5l8\/view?usp=sharing\">link<\/a> se encuentra el archivo con la grabaci\u00f3n del taller.<\/p>\n","protected":false},"excerpt":{"rendered":"<p>&nbsp; El 14.12.2020 se llev\u00f3 a cabo el Taller \u201cPr\u00e1cticas en Banca Mujer\u201d, organizado por ADEBA y el IFC \u2013 del Banco Mundial, el que cont\u00f3 con una nutrida participaci\u00f3n<span class=\"more\"><a class=\"more-link\" href=\"https:\/\/www.adeba.com.ar\/en\/adeba-y-el-ifc-realizaron-el-taller-practicas-en-banca-mujer\/\">Seguir leyendo <span class=\"meta-nav\">&#8594;<\/span><\/a><\/span><\/p>\n","protected":false},"author":1,"featured_media":17762,"comment_status":"closed","ping_status":"open","sticky":false,"template":"","format":"standard","meta":[],"categories":[4],"tags":[],"_links":{"self":[{"href":"https:\/\/www.adeba.com.ar\/en\/wp-json\/wp\/v2\/posts\/17758"}],"collection":[{"href":"https:\/\/www.adeba.com.ar\/en\/wp-json\/wp\/v2\/posts"}],"about":[{"href":"https:\/\/www.adeba.com.ar\/en\/wp-json\/wp\/v2\/types\/post"}],"author":[{"embeddable":true,"href":"https:\/\/www.adeba.com.ar\/en\/wp-json\/wp\/v2\/users\/1"}],"replies":[{"embeddable":true,"href":"https:\/\/www.adeba.com.ar\/en\/wp-json\/wp\/v2\/comments?post=17758"}],"version-history":[{"count":1,"href":"https:\/\/www.adeba.com.ar\/en\/wp-json\/wp\/v2\/posts\/17758\/revisions"}],"predecessor-version":[{"id":17763,"href":"https:\/\/www.adeba.com.ar\/en\/wp-json\/wp\/v2\/posts\/17758\/revisions\/17763"}],"wp:featuredmedia":[{"embeddable":true,"href":"https:\/\/www.adeba.com.ar\/en\/wp-json\/wp\/v2\/media\/17762"}],"wp:attachment":[{"href":"https:\/\/www.adeba.com.ar\/en\/wp-json\/wp\/v2\/media?parent=17758"}],"wp:term":[{"taxonomy":"category","embeddable":true,"href":"https:\/\/www.adeba.com.ar\/en\/wp-json\/wp\/v2\/categories?post=17758"},{"taxonomy":"post_tag","embeddable":true,"href":"https:\/\/www.adeba.com.ar\/en\/wp-json\/wp\/v2\/tags?post=17758"}],"curies":[{"name":"wp","href":"https:\/\/api.w.org\/{rel}","templated":true}]}}