{"id":17732,"date":"2020-12-15T15:22:57","date_gmt":"2020-12-15T18:22:57","guid":{"rendered":"https:\/\/www.adeba.com.ar\/?p=17732"},"modified":"2020-12-15T15:22:57","modified_gmt":"2020-12-15T18:22:57","slug":"tucuman-decreto-provincial-2271-2020","status":"publish","type":"post","link":"https:\/\/www.adeba.com.ar\/en\/tucuman-decreto-provincial-2271-2020\/","title":{"rendered":"Tucum\u00e1n Decreto Provincial 2271\/2020\u00a0&#8211;\u00a0"},"content":{"rendered":"<p>Pr\u00f3rroga al\u00edcuota 0% en el impuesto de sellos para las garant\u00edas y contragarant\u00edas de las sociedades de garant\u00eda rec\u00edproca vinculadas a los cr\u00e9ditos otorgados por las entidades financieras<\/p>\n","protected":false},"excerpt":{"rendered":"<p>Pr\u00f3rroga al\u00edcuota 0% en el impuesto de sellos para las garant\u00edas y contragarant\u00edas de las sociedades de garant\u00eda rec\u00edproca vinculadas a los cr\u00e9ditos otorgados por las entidades financieras<\/p>\n","protected":false},"author":1,"featured_media":0,"comment_status":"closed","ping_status":"open","sticky":false,"template":"","format":"standard","meta":[],"categories":[5],"tags":[],"_links":{"self":[{"href":"https:\/\/www.adeba.com.ar\/en\/wp-json\/wp\/v2\/posts\/17732"}],"collection":[{"href":"https:\/\/www.adeba.com.ar\/en\/wp-json\/wp\/v2\/posts"}],"about":[{"href":"https:\/\/www.adeba.com.ar\/en\/wp-json\/wp\/v2\/types\/post"}],"author":[{"embeddable":true,"href":"https:\/\/www.adeba.com.ar\/en\/wp-json\/wp\/v2\/users\/1"}],"replies":[{"embeddable":true,"href":"https:\/\/www.adeba.com.ar\/en\/wp-json\/wp\/v2\/comments?post=17732"}],"version-history":[{"count":1,"href":"https:\/\/www.adeba.com.ar\/en\/wp-json\/wp\/v2\/posts\/17732\/revisions"}],"predecessor-version":[{"id":17733,"href":"https:\/\/www.adeba.com.ar\/en\/wp-json\/wp\/v2\/posts\/17732\/revisions\/17733"}],"wp:attachment":[{"href":"https:\/\/www.adeba.com.ar\/en\/wp-json\/wp\/v2\/media?parent=17732"}],"wp:term":[{"taxonomy":"category","embeddable":true,"href":"https:\/\/www.adeba.com.ar\/en\/wp-json\/wp\/v2\/categories?post=17732"},{"taxonomy":"post_tag","embeddable":true,"href":"https:\/\/www.adeba.com.ar\/en\/wp-json\/wp\/v2\/tags?post=17732"}],"curies":[{"name":"wp","href":"https:\/\/api.w.org\/{rel}","templated":true}]}}