{"id":17721,"date":"2020-12-14T15:52:36","date_gmt":"2020-12-14T18:52:36","guid":{"rendered":"https:\/\/www.adeba.com.ar\/?p=17721"},"modified":"2020-12-14T15:52:36","modified_gmt":"2020-12-14T18:52:36","slug":"decision-administrativa-2181-2020","status":"publish","type":"post","link":"https:\/\/www.adeba.com.ar\/en\/decision-administrativa-2181-2020\/","title":{"rendered":"Decisi\u00f3n Administrativa 2181\/2020"},"content":{"rendered":"<table border=\"0\" width=\"100%\" cellspacing=\"0\" cellpadding=\"0\">\n<tbody>\n<tr>\n<td valign=\"top\"><\/td>\n<\/tr>\n<tr>\n<td valign=\"top\">El\u00a0Jefe De\u00a0Gabinete de\u00a0Ministros adopta las recomendaciones formuladas\u00a0en el Acta N\u00ba\u00a027\u00a0emitida por el\u00a0<u>Comit\u00e9 de evaluaci\u00f3n y monitoreo del programa de asistencia de emergencia al trabajo y la producci\u00f3n<\/u>.\u00a0Entre los temas tratados por dicho comit\u00e9 y plasmados en el documento\u00a0se destacan los siguientes:\u00a0&#8211; Extensi\u00f3n de los beneficios del\u00a0<strong>Programa ATP<\/strong>\u00a0relativos al Salario Complementario.- Postergaci\u00f3n y reducci\u00f3n del\u00a0<strong>pago de las contribuciones patronales<\/strong>\u00a0con destino al Sistema Integrado Previsional Argentino respecto de los salarios y contribuciones que se devenguen durante el mes de diciembre de 2020.-\u00a0<strong>Cr\u00e9dito a<\/strong>\u00a0<strong>Tasa Subsidiada.<\/strong>\u00a0Proponen ajustes a los criterios y condiciones respecto de destinatarios y condiciones para la obtenci\u00f3n del cr\u00e9dito; monto del cr\u00e9dito subsidiado; tasas de inter\u00e9s y sobre el plazo de gracia y condiciones de conversi\u00f3n a subsidio.- Incorporaci\u00f3n de previsiones espec\u00edficas derivadas de la asistencia complementaria del\u00a0<strong>Programa REPRO II<\/strong>, creado por Resoluci\u00f3n N\u00b0\u00a0938\/20 del Ministerio de Trabajo, Empleo y Seguridad Social.<\/td>\n<\/tr>\n<\/tbody>\n<\/table>\n","protected":false},"excerpt":{"rendered":"<p>Comit\u00e9 de Evaluaci\u00f3n y Monitoreo del Programa de Asistencia de Emergencia al Trabajo y la Producci\u00f3n. Recomendaciones.<\/p>\n","protected":false},"author":1,"featured_media":0,"comment_status":"closed","ping_status":"open","sticky":false,"template":"","format":"standard","meta":[],"categories":[5],"tags":[],"_links":{"self":[{"href":"https:\/\/www.adeba.com.ar\/en\/wp-json\/wp\/v2\/posts\/17721"}],"collection":[{"href":"https:\/\/www.adeba.com.ar\/en\/wp-json\/wp\/v2\/posts"}],"about":[{"href":"https:\/\/www.adeba.com.ar\/en\/wp-json\/wp\/v2\/types\/post"}],"author":[{"embeddable":true,"href":"https:\/\/www.adeba.com.ar\/en\/wp-json\/wp\/v2\/users\/1"}],"replies":[{"embeddable":true,"href":"https:\/\/www.adeba.com.ar\/en\/wp-json\/wp\/v2\/comments?post=17721"}],"version-history":[{"count":1,"href":"https:\/\/www.adeba.com.ar\/en\/wp-json\/wp\/v2\/posts\/17721\/revisions"}],"predecessor-version":[{"id":17722,"href":"https:\/\/www.adeba.com.ar\/en\/wp-json\/wp\/v2\/posts\/17721\/revisions\/17722"}],"wp:attachment":[{"href":"https:\/\/www.adeba.com.ar\/en\/wp-json\/wp\/v2\/media?parent=17721"}],"wp:term":[{"taxonomy":"category","embeddable":true,"href":"https:\/\/www.adeba.com.ar\/en\/wp-json\/wp\/v2\/categories?post=17721"},{"taxonomy":"post_tag","embeddable":true,"href":"https:\/\/www.adeba.com.ar\/en\/wp-json\/wp\/v2\/tags?post=17721"}],"curies":[{"name":"wp","href":"https:\/\/api.w.org\/{rel}","templated":true}]}}