{"id":17679,"date":"2020-12-10T15:04:55","date_gmt":"2020-12-10T18:04:55","guid":{"rendered":"https:\/\/www.adeba.com.ar\/?p=17679"},"modified":"2020-12-10T15:04:55","modified_gmt":"2020-12-10T18:04:55","slug":"informe-monetario-202011","status":"publish","type":"post","link":"https:\/\/www.adeba.com.ar\/en\/informe-monetario-202011\/","title":{"rendered":"Informe Monetario 202011"},"content":{"rendered":"<table style=\"font-weight: 400;\" width=\"100%\">\n<tbody>\n<tr>\n<td>&nbsp;<\/td>\n<\/tr>\n<tr>\n<td>El Banco Central public\u00f3 el\u00a0<strong>Informe Monetario Mensual de noviembre<\/strong>, en el cual se destaca lo siguiente:<\/p>\n<p>&nbsp;<\/p>\n<p>\u2022El agregado monetario amplio M3 privado, en t\u00e9rminos reales y ajustado por estacionalidad, habr\u00eda registrado una ca\u00edda de 2,4%.<\/p>\n<p>&nbsp;<\/p>\n<p>\u2022La autoridad monetaria decidi\u00f3 elevar la tasa de inter\u00e9s con la que remunera los pases pasivos a 7 d\u00edas en 2 p.p., llev\u00e1ndola a 36,5%. A su vez, increment\u00f3 la de pases pasivos a 1 d\u00eda en 1 p.p. hasta 32%. Complementariamente, subi\u00f3 en 2 p.p. la tasa de inter\u00e9s de las LELIQ, que volvi\u00f3 a ubicarse en 38%.<\/p>\n<p>&nbsp;<\/p>\n<p>\u2022El BCRA elev\u00f3 la tasa de inter\u00e9s m\u00ednima garantizada de los dep\u00f3sitos a plazo fijo en pesos.<\/p>\n<p>&nbsp;<\/p>\n<p>\u2022En t\u00e9rminos nominales y sin estacionalidad, los pr\u00e9stamos en pesos al sector privado registraron una expansi\u00f3n mensual de 2,9%.<\/p>\n<p>&nbsp;<\/p>\n<p>\u2022Entr\u00f3 en vigencia el nuevo esquema de financiamiento para la inversi\u00f3n productiva (LFIP) de MiPyMEs, que contempla una l\u00ednea destinada a la financiaci\u00f3n de inversi\u00f3n de capital, con una tasa de inter\u00e9s m\u00e1xima de 30% n.a., as\u00ed como tambi\u00e9n una l\u00ednea para capital de trabajo a una tasa m\u00e1xima de 35% n.a. A su vez, incluye una l\u00ednea de cr\u00e9dito para clientes no MiPyMEs que alcanzar\u00e1 a Prestadoras de Servicios de Salud que brinden servicios de internaci\u00f3n en el marco de la emergencia del COVID-19 y a otras empresas para la adquisici\u00f3n de maquinarias y equipos producidos por MiPyMEs a una tasa m\u00e1xima de 35% n.a.<\/p>\n<p>&nbsp;<\/td>\n<\/tr>\n<\/tbody>\n<\/table>\n","protected":false},"excerpt":{"rendered":"<p>Informe Monetario Mensual. Noviembre de 2020<\/p>\n","protected":false},"author":1,"featured_media":0,"comment_status":"closed","ping_status":"open","sticky":false,"template":"","format":"standard","meta":[],"categories":[5],"tags":[],"_links":{"self":[{"href":"https:\/\/www.adeba.com.ar\/en\/wp-json\/wp\/v2\/posts\/17679"}],"collection":[{"href":"https:\/\/www.adeba.com.ar\/en\/wp-json\/wp\/v2\/posts"}],"about":[{"href":"https:\/\/www.adeba.com.ar\/en\/wp-json\/wp\/v2\/types\/post"}],"author":[{"embeddable":true,"href":"https:\/\/www.adeba.com.ar\/en\/wp-json\/wp\/v2\/users\/1"}],"replies":[{"embeddable":true,"href":"https:\/\/www.adeba.com.ar\/en\/wp-json\/wp\/v2\/comments?post=17679"}],"version-history":[{"count":1,"href":"https:\/\/www.adeba.com.ar\/en\/wp-json\/wp\/v2\/posts\/17679\/revisions"}],"predecessor-version":[{"id":17680,"href":"https:\/\/www.adeba.com.ar\/en\/wp-json\/wp\/v2\/posts\/17679\/revisions\/17680"}],"wp:attachment":[{"href":"https:\/\/www.adeba.com.ar\/en\/wp-json\/wp\/v2\/media?parent=17679"}],"wp:term":[{"taxonomy":"category","embeddable":true,"href":"https:\/\/www.adeba.com.ar\/en\/wp-json\/wp\/v2\/categories?post=17679"},{"taxonomy":"post_tag","embeddable":true,"href":"https:\/\/www.adeba.com.ar\/en\/wp-json\/wp\/v2\/tags?post=17679"}],"curies":[{"name":"wp","href":"https:\/\/api.w.org\/{rel}","templated":true}]}}