{"id":17675,"date":"2020-12-10T15:03:35","date_gmt":"2020-12-10T18:03:35","guid":{"rendered":"https:\/\/www.adeba.com.ar\/?p=17675"},"modified":"2020-12-10T15:03:35","modified_gmt":"2020-12-10T18:03:35","slug":"resolucion-general-de-la-administracion-federal-de-ingresos-publicos-4876-2020","status":"publish","type":"post","link":"https:\/\/www.adeba.com.ar\/en\/resolucion-general-de-la-administracion-federal-de-ingresos-publicos-4876-2020\/","title":{"rendered":"Resoluci\u00f3n General de la Administraci\u00f3n Federal de Ingresos P\u00fablicos 4876\/2020"},"content":{"rendered":"<table border=\"0\" width=\"100%\" cellspacing=\"0\" cellpadding=\"0\">\n<tbody>\n<tr>\n<td valign=\"top\"><\/td>\n<\/tr>\n<tr>\n<td valign=\"top\">La Administraci\u00f3n Federal de Ingresos P\u00fablicos\u00a0<u>extendi\u00f3\u00a0el plazo<\/u>\u00a0previsto para acceder al servicio &#8216;web&#8217; &#8216;Programa de Asistencia de Emergencia al Trabajo y la Producci\u00f3n &#8211; ATP&#8217;,<u>\u00a0hasta el d\u00eda 9 de diciembre de 2020, inclusive<\/u>.<\/td>\n<\/tr>\n<\/tbody>\n<\/table>\n","protected":false},"excerpt":{"rendered":"<p>Programa de Asistencia de Emergencia al Trabajo y la Producci\u00f3n. Programa REPRO II. Cr\u00e9dito a Tasa Subsidiada para empresas. Per\u00edodo devengado noviembre de 2020. Resoluci\u00f3n General N\u00ba 4.870. Extensi\u00f3n de plazo.<\/p>\n","protected":false},"author":1,"featured_media":0,"comment_status":"closed","ping_status":"open","sticky":false,"template":"","format":"standard","meta":[],"categories":[5],"tags":[],"_links":{"self":[{"href":"https:\/\/www.adeba.com.ar\/en\/wp-json\/wp\/v2\/posts\/17675"}],"collection":[{"href":"https:\/\/www.adeba.com.ar\/en\/wp-json\/wp\/v2\/posts"}],"about":[{"href":"https:\/\/www.adeba.com.ar\/en\/wp-json\/wp\/v2\/types\/post"}],"author":[{"embeddable":true,"href":"https:\/\/www.adeba.com.ar\/en\/wp-json\/wp\/v2\/users\/1"}],"replies":[{"embeddable":true,"href":"https:\/\/www.adeba.com.ar\/en\/wp-json\/wp\/v2\/comments?post=17675"}],"version-history":[{"count":1,"href":"https:\/\/www.adeba.com.ar\/en\/wp-json\/wp\/v2\/posts\/17675\/revisions"}],"predecessor-version":[{"id":17676,"href":"https:\/\/www.adeba.com.ar\/en\/wp-json\/wp\/v2\/posts\/17675\/revisions\/17676"}],"wp:attachment":[{"href":"https:\/\/www.adeba.com.ar\/en\/wp-json\/wp\/v2\/media?parent=17675"}],"wp:term":[{"taxonomy":"category","embeddable":true,"href":"https:\/\/www.adeba.com.ar\/en\/wp-json\/wp\/v2\/categories?post=17675"},{"taxonomy":"post_tag","embeddable":true,"href":"https:\/\/www.adeba.com.ar\/en\/wp-json\/wp\/v2\/tags?post=17675"}],"curies":[{"name":"wp","href":"https:\/\/api.w.org\/{rel}","templated":true}]}}