{"id":17587,"date":"2020-12-02T15:02:25","date_gmt":"2020-12-02T18:02:25","guid":{"rendered":"https:\/\/www.adeba.com.ar\/?p=17587"},"modified":"2020-12-02T15:02:25","modified_gmt":"2020-12-02T18:02:25","slug":"resolucion-general-de-la-administracion-federal-de-ingresos-publicos-4870-2020","status":"publish","type":"post","link":"https:\/\/www.adeba.com.ar\/en\/resolucion-general-de-la-administracion-federal-de-ingresos-publicos-4870-2020\/","title":{"rendered":"Resoluci\u00f3n General de la Administraci\u00f3n Federal de Ingresos P\u00fablicos 4870\/2020"},"content":{"rendered":"<table border=\"0\" width=\"100%\" cellspacing=\"0\" cellpadding=\"0\">\n<tbody>\n<tr>\n<td valign=\"top\"><\/td>\n<\/tr>\n<tr>\n<td valign=\"top\">La\u00a0Administraci\u00f3n Federal de\u00a0Ingresos P\u00fablicos establece la forma y dem\u00e1s condiciones que deber\u00e1n observar quienes quieran acceder al\u00a0<em><b>&#8216;Programa de Asistencia de Emergencia al Trabajo y la Producci\u00f3n &#8211; ATP&#8217;<\/b><\/em>\u00a0a fin de solicitar el &#8216;Cr\u00e9dito a Tasa Subsidiada&#8217;\u00a0o bien solicitar la tramitaci\u00f3n de inscripci\u00f3n en el<em><b>\u00a0&#8216;Programa REPRO II&#8217;<\/b><\/em>\u00a0para el\u00a0per\u00edodo devengado\u00a0<u>noviembre\u00a0de 2020<\/u>.\u00a0\u00a0El\u00a0<strong>acceso al servicio &#8216;web&#8217;<\/strong>\u00a0del Programa\u00a0ATP\u00a0estar\u00e1 disponible\u00a0<u>desde el 1\u00a0hasta el 6 de diciembre de 2020<\/u>, ambas fechas inclusive.<\/td>\n<\/tr>\n<\/tbody>\n<\/table>\n","protected":false},"excerpt":{"rendered":"<p>Seguridad Social. Programa de Asistencia de Emergencia al Trabajo y la Producci\u00f3n. Programa REPRO II. Decreto N\u00ba 332\/20 y sus modificatorios. Cr\u00e9dito a Tasa Subsidiada para empresas. Per\u00edodo devengado noviembre de 2020.<\/p>\n","protected":false},"author":1,"featured_media":0,"comment_status":"closed","ping_status":"open","sticky":false,"template":"","format":"standard","meta":[],"categories":[5],"tags":[],"_links":{"self":[{"href":"https:\/\/www.adeba.com.ar\/en\/wp-json\/wp\/v2\/posts\/17587"}],"collection":[{"href":"https:\/\/www.adeba.com.ar\/en\/wp-json\/wp\/v2\/posts"}],"about":[{"href":"https:\/\/www.adeba.com.ar\/en\/wp-json\/wp\/v2\/types\/post"}],"author":[{"embeddable":true,"href":"https:\/\/www.adeba.com.ar\/en\/wp-json\/wp\/v2\/users\/1"}],"replies":[{"embeddable":true,"href":"https:\/\/www.adeba.com.ar\/en\/wp-json\/wp\/v2\/comments?post=17587"}],"version-history":[{"count":1,"href":"https:\/\/www.adeba.com.ar\/en\/wp-json\/wp\/v2\/posts\/17587\/revisions"}],"predecessor-version":[{"id":17588,"href":"https:\/\/www.adeba.com.ar\/en\/wp-json\/wp\/v2\/posts\/17587\/revisions\/17588"}],"wp:attachment":[{"href":"https:\/\/www.adeba.com.ar\/en\/wp-json\/wp\/v2\/media?parent=17587"}],"wp:term":[{"taxonomy":"category","embeddable":true,"href":"https:\/\/www.adeba.com.ar\/en\/wp-json\/wp\/v2\/categories?post=17587"},{"taxonomy":"post_tag","embeddable":true,"href":"https:\/\/www.adeba.com.ar\/en\/wp-json\/wp\/v2\/tags?post=17587"}],"curies":[{"name":"wp","href":"https:\/\/api.w.org\/{rel}","templated":true}]}}