{"id":17558,"date":"2020-12-01T14:40:34","date_gmt":"2020-12-01T17:40:34","guid":{"rendered":"https:\/\/www.adeba.com.ar\/?p=17558"},"modified":"2020-12-02T14:41:20","modified_gmt":"2020-12-02T17:41:20","slug":"decreto-966-2020","status":"publish","type":"post","link":"https:\/\/www.adeba.com.ar\/en\/decreto-966-2020\/","title":{"rendered":"Decreto 966\/2020"},"content":{"rendered":"<table border=\"0\" width=\"100%\" cellspacing=\"0\" cellpadding=\"0\">\n<tbody>\n<tr>\n<td valign=\"top\"><\/td>\n<\/tr>\n<tr>\n<td valign=\"top\">El\u00a0Presidente de\u00a0la\u00a0Naci\u00f3n\u00a0<strong>Argentina prorroga hasta el 15 de diciembre de 2020<\/strong>, inclusive, el plazo establecido para que los contribuyentes puedan acogerse al\u00a0<strong>R\u00e9gimen de Regularizaci\u00f3n\u00a0de obligaciones tributarias, de los recursos de la seguridad social y aduaneras<\/strong>, as\u00ed como la condonaci\u00f3n de sus intereses, multas y dem\u00e1s sanciones &#8211;\u00a0<a href=\"https:\/\/www.normasfinancieras.com\/vsr\/jump.aspx?nm_origen=MailSintesis&#038;entorno=SFM_TO&#038;nm_accion=LinkDoc&#038;link=C123055\" target=\"_blank\" rel=\"noopener\" data-saferedirecturl=\"https:\/\/www.google.com\/url?q=https:\/\/www.normasfinancieras.com\/vsr\/jump.aspx?nm_origen%3DMailSintesis%26entorno%3DSFM_TO%26nm_accion%3DLinkDoc%26link%3DC123055&#038;source=gmail&#038;ust=1607011080893000&#038;usg=AFQjCNFnTukk07TF-ivJnzXNJ9o8abvPlw\">Cap\u00edtulo 1 del T\u00edtulo IV\u00a0de la Ley N\u00b0\u00a027.541<\/a>&#8211; vencidas al 30 de noviembre de 2019.\u00a0 Recordemos que este r\u00e9gimen se encuentra dirigido a aquellos contribuyentes que encuadren y se encuentren inscriptos como Micro, Peque\u00f1as o Medianas Empresas y para las entidades civiles sin fines de lucro.\u00a0En concordancia con dicha pr\u00f3rroga, se extiende tambi\u00e9n hasta el 15 de diciembre de 2020 el\u00a0<strong>plazo para tramitar y obtener el &#8216;Certificado MiPyME&#8217;.<\/strong>\u00a0Si bien la situaci\u00f3n epidemiol\u00f3gica ha venido evolucionando favorablemente, advirti\u00e9ndose un descenso sostenido en el n\u00famero de casos en la mayor\u00eda de las jurisdicciones, fundamentan esta pr\u00f3rroga en la existencia a\u00fan de restricciones que pueden demorar los tr\u00e1mites y gestiones que deben realizar los contribuyentes para acceder a los beneficios del r\u00e9gimen.<\/td>\n<\/tr>\n<\/tbody>\n<\/table>\n","protected":false},"excerpt":{"rendered":"<p>R\u00e9gimen de Regularizaci\u00f3n de Deudas. Prorr\u00f3gase plazo.<\/p>\n","protected":false},"author":1,"featured_media":0,"comment_status":"closed","ping_status":"open","sticky":false,"template":"","format":"standard","meta":[],"categories":[5],"tags":[],"_links":{"self":[{"href":"https:\/\/www.adeba.com.ar\/en\/wp-json\/wp\/v2\/posts\/17558"}],"collection":[{"href":"https:\/\/www.adeba.com.ar\/en\/wp-json\/wp\/v2\/posts"}],"about":[{"href":"https:\/\/www.adeba.com.ar\/en\/wp-json\/wp\/v2\/types\/post"}],"author":[{"embeddable":true,"href":"https:\/\/www.adeba.com.ar\/en\/wp-json\/wp\/v2\/users\/1"}],"replies":[{"embeddable":true,"href":"https:\/\/www.adeba.com.ar\/en\/wp-json\/wp\/v2\/comments?post=17558"}],"version-history":[{"count":1,"href":"https:\/\/www.adeba.com.ar\/en\/wp-json\/wp\/v2\/posts\/17558\/revisions"}],"predecessor-version":[{"id":17559,"href":"https:\/\/www.adeba.com.ar\/en\/wp-json\/wp\/v2\/posts\/17558\/revisions\/17559"}],"wp:attachment":[{"href":"https:\/\/www.adeba.com.ar\/en\/wp-json\/wp\/v2\/media?parent=17558"}],"wp:term":[{"taxonomy":"category","embeddable":true,"href":"https:\/\/www.adeba.com.ar\/en\/wp-json\/wp\/v2\/categories?post=17558"},{"taxonomy":"post_tag","embeddable":true,"href":"https:\/\/www.adeba.com.ar\/en\/wp-json\/wp\/v2\/tags?post=17558"}],"curies":[{"name":"wp","href":"https:\/\/api.w.org\/{rel}","templated":true}]}}