{"id":17552,"date":"2020-12-01T14:37:54","date_gmt":"2020-12-01T17:37:54","guid":{"rendered":"https:\/\/www.adeba.com.ar\/?p=17552"},"modified":"2020-12-02T14:38:31","modified_gmt":"2020-12-02T17:38:31","slug":"buenos-aires-decreto-provincial-1085-2020","status":"publish","type":"post","link":"https:\/\/www.adeba.com.ar\/en\/buenos-aires-decreto-provincial-1085-2020\/","title":{"rendered":"Buenos Aires Decreto Provincial 1085\/2020"},"content":{"rendered":"<table border=\"0\" width=\"100%\" cellspacing=\"0\" cellpadding=\"0\">\n<tbody>\n<tr>\n<td valign=\"top\"><\/td>\n<\/tr>\n<tr>\n<td valign=\"top\">El Gobernador de la Provincia de Buenos Aires\u00a0<strong>modifica los horarios de funcionamiento, desde el 1\u00b0 de diciembre de 2020 y hasta el 4 de abril de 2021 para las entidades bancarias<\/strong>\u00a0situadas en los municipios comprendidos en el Anexo de la resoluci\u00f3n.\u00a0 El personal cumplir\u00e1 su\u00a0<u>jornada laboral de lunes a viernes de 7:45 a 15:15 horas y el horario de atenci\u00f3n al p\u00fablico estar\u00e1 comprendido entre las 8:00 y las 13:00 horas<\/u>.\u00a0Explican que este horario de funcionamiento estival tiene la finalidad de evitar la exposici\u00f3n de los usuarios a las altas temperaturas estacionales en todo el territorio bonaerense.\u00a0\u00a0Aquellos municipios no alcanzados por el presente podr\u00e1n solicitar autorizaci\u00f3n para proceder al cambio de horario de jornada laboral y de atenci\u00f3n al p\u00fablico.<\/td>\n<\/tr>\n<\/tbody>\n<\/table>\n","protected":false},"excerpt":{"rendered":"<p>Entidades bancarias. Cambio de horario de jornada laboral y de atenci\u00f3n al p\u00fablico<\/p>\n","protected":false},"author":1,"featured_media":0,"comment_status":"closed","ping_status":"open","sticky":false,"template":"","format":"standard","meta":[],"categories":[5],"tags":[],"_links":{"self":[{"href":"https:\/\/www.adeba.com.ar\/en\/wp-json\/wp\/v2\/posts\/17552"}],"collection":[{"href":"https:\/\/www.adeba.com.ar\/en\/wp-json\/wp\/v2\/posts"}],"about":[{"href":"https:\/\/www.adeba.com.ar\/en\/wp-json\/wp\/v2\/types\/post"}],"author":[{"embeddable":true,"href":"https:\/\/www.adeba.com.ar\/en\/wp-json\/wp\/v2\/users\/1"}],"replies":[{"embeddable":true,"href":"https:\/\/www.adeba.com.ar\/en\/wp-json\/wp\/v2\/comments?post=17552"}],"version-history":[{"count":1,"href":"https:\/\/www.adeba.com.ar\/en\/wp-json\/wp\/v2\/posts\/17552\/revisions"}],"predecessor-version":[{"id":17553,"href":"https:\/\/www.adeba.com.ar\/en\/wp-json\/wp\/v2\/posts\/17552\/revisions\/17553"}],"wp:attachment":[{"href":"https:\/\/www.adeba.com.ar\/en\/wp-json\/wp\/v2\/media?parent=17552"}],"wp:term":[{"taxonomy":"category","embeddable":true,"href":"https:\/\/www.adeba.com.ar\/en\/wp-json\/wp\/v2\/categories?post=17552"},{"taxonomy":"post_tag","embeddable":true,"href":"https:\/\/www.adeba.com.ar\/en\/wp-json\/wp\/v2\/tags?post=17552"}],"curies":[{"name":"wp","href":"https:\/\/api.w.org\/{rel}","templated":true}]}}