{"id":14970,"date":"2020-06-24T09:49:41","date_gmt":"2020-06-24T12:49:41","guid":{"rendered":"https:\/\/www.adeba.com.ar\/?p=14970"},"modified":"2020-06-26T09:50:27","modified_gmt":"2020-06-26T12:50:27","slug":"resolucion-de-la-secretaria-de-la-pequena-y-la-mediana-empresa-y-desarrollo-regional-69-2020","status":"publish","type":"post","link":"https:\/\/www.adeba.com.ar\/en\/resolucion-de-la-secretaria-de-la-pequena-y-la-mediana-empresa-y-desarrollo-regional-69-2020\/","title":{"rendered":"Resoluci\u00f3n de la Secretar\u00eda de la Peque\u00f1a y la Mediana Empresa y Desarrollo Regional 69\/2020"},"content":{"rendered":"<table border=\"0\" width=\"100%\" cellspacing=\"0\" cellpadding=\"0\">\n<tbody>\n<tr>\n<td valign=\"top\"><\/td>\n<\/tr>\n<tr>\n<td valign=\"top\">El Secretario de la Peque\u00f1a y Mediana Empresa y los Emprendedores\u00a0<strong>actualiza los valores establecidos en el Anexo IV de la Resoluci\u00f3n N\u00ba\u00a0220\/19<\/strong>, por la\u00a0 cual se cre\u00f3 el &#8216;Registro de Empresas MiPyMES&#8217;, que deben aplicarse a los Art\u00edculos 5\u00b0, 6\u00b0 y 7\u00b0 de dicha resoluci\u00f3n.\u00a0Estos valores corresponden a los\u00a0<strong>l\u00edmites de categorizaci\u00f3n seg\u00fan ventas totales anuales, personal ocupado y activos<\/strong>, los cuales fueron determinados en los cuadros A, B y C del mencionado Anexo IV, caracter\u00edsticas relevantes a los fines de la categorizaci\u00f3n e\u00a0<u>inscripci\u00f3n en el Registro de Empresas MiPyMES y\u00a0emisi\u00f3n del &#8216;Certificado MiPyME&#8217;<\/u>.<\/td>\n<\/tr>\n<\/tbody>\n<\/table>\n","protected":false},"excerpt":{"rendered":"<p>Secretar\u00eda de la Peque\u00f1a y Mediana Empresa y los Emprendedores. L\u00edmites de ventas totales anuales expresados en pesos.<\/p>\n","protected":false},"author":1,"featured_media":0,"comment_status":"closed","ping_status":"open","sticky":false,"template":"","format":"standard","meta":[],"categories":[5],"tags":[],"_links":{"self":[{"href":"https:\/\/www.adeba.com.ar\/en\/wp-json\/wp\/v2\/posts\/14970"}],"collection":[{"href":"https:\/\/www.adeba.com.ar\/en\/wp-json\/wp\/v2\/posts"}],"about":[{"href":"https:\/\/www.adeba.com.ar\/en\/wp-json\/wp\/v2\/types\/post"}],"author":[{"embeddable":true,"href":"https:\/\/www.adeba.com.ar\/en\/wp-json\/wp\/v2\/users\/1"}],"replies":[{"embeddable":true,"href":"https:\/\/www.adeba.com.ar\/en\/wp-json\/wp\/v2\/comments?post=14970"}],"version-history":[{"count":1,"href":"https:\/\/www.adeba.com.ar\/en\/wp-json\/wp\/v2\/posts\/14970\/revisions"}],"predecessor-version":[{"id":14971,"href":"https:\/\/www.adeba.com.ar\/en\/wp-json\/wp\/v2\/posts\/14970\/revisions\/14971"}],"wp:attachment":[{"href":"https:\/\/www.adeba.com.ar\/en\/wp-json\/wp\/v2\/media?parent=14970"}],"wp:term":[{"taxonomy":"category","embeddable":true,"href":"https:\/\/www.adeba.com.ar\/en\/wp-json\/wp\/v2\/categories?post=14970"},{"taxonomy":"post_tag","embeddable":true,"href":"https:\/\/www.adeba.com.ar\/en\/wp-json\/wp\/v2\/tags?post=14970"}],"curies":[{"name":"wp","href":"https:\/\/api.w.org\/{rel}","templated":true}]}}