{"id":14926,"date":"2020-06-22T11:48:27","date_gmt":"2020-06-22T14:48:27","guid":{"rendered":"https:\/\/www.adeba.com.ar\/?p=14926"},"modified":"2020-06-22T11:48:27","modified_gmt":"2020-06-22T14:48:27","slug":"acordada-de-la-corte-suprema-de-justicia-de-la-nacion-21-2020","status":"publish","type":"post","link":"https:\/\/www.adeba.com.ar\/en\/acordada-de-la-corte-suprema-de-justicia-de-la-nacion-21-2020\/","title":{"rendered":"Acordada de la Corte Suprema de Justicia de la Naci\u00f3n 21\/2020"},"content":{"rendered":"<table border=\"0\" width=\"100%\" cellspacing=\"0\" cellpadding=\"0\">\n<tbody>\n<tr>\n<td valign=\"top\"><\/td>\n<\/tr>\n<tr>\n<td valign=\"top\">Los Se\u00f1ores Ministros acordaron\u00a0<u>suspender durante el corriente a\u00f1o la feria judicial del mes de julio<\/u>, respecto de todos los tribunales nacionales y federales del Poder Judicial de la Naci\u00f3n.\u00a0Se aclara que lo mencionado es\u00a0<u>excepcional<\/u>\u00a0y como consecuencia de las circunstancias extraordinarias de salud p\u00fablica que atraviesa la Naci\u00f3n y sus implicancias en la prestaci\u00f3n del servicio esencial de justicia.<\/td>\n<\/tr>\n<\/tbody>\n<\/table>\n","protected":false},"excerpt":{"rendered":"<p>Feria Judicial del mes de julio.<\/p>\n","protected":false},"author":1,"featured_media":0,"comment_status":"closed","ping_status":"open","sticky":false,"template":"","format":"standard","meta":[],"categories":[5],"tags":[],"_links":{"self":[{"href":"https:\/\/www.adeba.com.ar\/en\/wp-json\/wp\/v2\/posts\/14926"}],"collection":[{"href":"https:\/\/www.adeba.com.ar\/en\/wp-json\/wp\/v2\/posts"}],"about":[{"href":"https:\/\/www.adeba.com.ar\/en\/wp-json\/wp\/v2\/types\/post"}],"author":[{"embeddable":true,"href":"https:\/\/www.adeba.com.ar\/en\/wp-json\/wp\/v2\/users\/1"}],"replies":[{"embeddable":true,"href":"https:\/\/www.adeba.com.ar\/en\/wp-json\/wp\/v2\/comments?post=14926"}],"version-history":[{"count":1,"href":"https:\/\/www.adeba.com.ar\/en\/wp-json\/wp\/v2\/posts\/14926\/revisions"}],"predecessor-version":[{"id":14927,"href":"https:\/\/www.adeba.com.ar\/en\/wp-json\/wp\/v2\/posts\/14926\/revisions\/14927"}],"wp:attachment":[{"href":"https:\/\/www.adeba.com.ar\/en\/wp-json\/wp\/v2\/media?parent=14926"}],"wp:term":[{"taxonomy":"category","embeddable":true,"href":"https:\/\/www.adeba.com.ar\/en\/wp-json\/wp\/v2\/categories?post=14926"},{"taxonomy":"post_tag","embeddable":true,"href":"https:\/\/www.adeba.com.ar\/en\/wp-json\/wp\/v2\/tags?post=14926"}],"curies":[{"name":"wp","href":"https:\/\/api.w.org\/{rel}","templated":true}]}}