{"id":14860,"date":"2020-06-18T14:47:58","date_gmt":"2020-06-18T17:47:58","guid":{"rendered":"https:\/\/www.adeba.com.ar\/?p=14860"},"modified":"2020-06-18T14:47:58","modified_gmt":"2020-06-18T17:47:58","slug":"santa-fe-resolucion-general-de-la-administracion-provincial-de-impuestos-34-2020","status":"publish","type":"post","link":"https:\/\/www.adeba.com.ar\/en\/santa-fe-resolucion-general-de-la-administracion-provincial-de-impuestos-34-2020\/","title":{"rendered":"\u00a0Santa F\u00e9 Resoluci\u00f3n General de la Administraci\u00f3n Provincial de Impuestos 34\/2020\u00a0&#8211;\u00a0"},"content":{"rendered":"<p>Reglamentaci\u00f3n del plan especial de pagos para deudas devengadas entre el 1\/12\/2019 y el 31\/5\/2020.<\/p>\n","protected":false},"excerpt":{"rendered":"<p>Reglamentaci\u00f3n del plan especial de pagos para deudas devengadas entre el 1\/12\/2019 y el 31\/5\/2020.<\/p>\n","protected":false},"author":1,"featured_media":0,"comment_status":"closed","ping_status":"open","sticky":false,"template":"","format":"standard","meta":[],"categories":[5],"tags":[],"_links":{"self":[{"href":"https:\/\/www.adeba.com.ar\/en\/wp-json\/wp\/v2\/posts\/14860"}],"collection":[{"href":"https:\/\/www.adeba.com.ar\/en\/wp-json\/wp\/v2\/posts"}],"about":[{"href":"https:\/\/www.adeba.com.ar\/en\/wp-json\/wp\/v2\/types\/post"}],"author":[{"embeddable":true,"href":"https:\/\/www.adeba.com.ar\/en\/wp-json\/wp\/v2\/users\/1"}],"replies":[{"embeddable":true,"href":"https:\/\/www.adeba.com.ar\/en\/wp-json\/wp\/v2\/comments?post=14860"}],"version-history":[{"count":1,"href":"https:\/\/www.adeba.com.ar\/en\/wp-json\/wp\/v2\/posts\/14860\/revisions"}],"predecessor-version":[{"id":14861,"href":"https:\/\/www.adeba.com.ar\/en\/wp-json\/wp\/v2\/posts\/14860\/revisions\/14861"}],"wp:attachment":[{"href":"https:\/\/www.adeba.com.ar\/en\/wp-json\/wp\/v2\/media?parent=14860"}],"wp:term":[{"taxonomy":"category","embeddable":true,"href":"https:\/\/www.adeba.com.ar\/en\/wp-json\/wp\/v2\/categories?post=14860"},{"taxonomy":"post_tag","embeddable":true,"href":"https:\/\/www.adeba.com.ar\/en\/wp-json\/wp\/v2\/tags?post=14860"}],"curies":[{"name":"wp","href":"https:\/\/api.w.org\/{rel}","templated":true}]}}