{"id":14854,"date":"2020-06-17T11:11:25","date_gmt":"2020-06-17T14:11:25","guid":{"rendered":"https:\/\/www.adeba.com.ar\/?p=14854"},"modified":"2020-06-17T11:11:25","modified_gmt":"2020-06-17T14:11:25","slug":"c-87493","status":"publish","type":"post","link":"https:\/\/www.adeba.com.ar\/en\/c-87493\/","title":{"rendered":"&#8216;C&#8217; 87493"},"content":{"rendered":"<table border=\"0\" width=\"100%\" cellspacing=\"0\" cellpadding=\"0\">\n<tbody>\n<tr>\n<td valign=\"top\"><\/td>\n<\/tr>\n<tr>\n<td valign=\"top\">El Banco Central da a conocer las hojas que, en reemplazo de las oportunamente provistas, corresponde incorporar en las normas sobre\u00a0<a href=\"https:\/\/www.normasfinancieras.com\/vsr\/jump.aspx?nm_origen=MailSintesis&#038;entorno=SFM_TO&#038;nm_accion=LinkDoc&#038;link=C124251\" target=\"_blank\" rel=\"noopener\" data-saferedirecturl=\"https:\/\/www.google.com\/url?q=https:\/\/www.normasfinancieras.com\/vsr\/jump.aspx?nm_origen%3DMailSintesis%26entorno%3DSFM_TO%26nm_accion%3DLinkDoc%26link%3DC124251&#038;source=gmail&#038;ust=1592488906580000&#038;usg=AFQjCNFNt4NbZXgWIeC2zW5YOAGvwpPTXw\">&#8216;Servicios financieros en el marco de la emergencia sanitaria dispuesta por el Decreto N\u00b0 260\/2020 coronavirus (Covid-19)&#8217;<\/a>, a fin de subsanar la omisi\u00f3n de contemplar con car\u00e1cter general lo dispuesto en el primer p\u00e1rrafo del punto 4. de la Comunicaci\u00f3n &#8216;A&#8217; 6949.\u00a0En este sentido, se incorpora en el\u00a0<a href=\"https:\/\/www.normasfinancieras.com\/vsr\/jump.aspx?nm_origen=MailSintesis&#038;entorno=SFM_TO&#038;nm_accion=LinkDoc&#038;link=C124253\" target=\"_blank\" rel=\"noopener\" data-saferedirecturl=\"https:\/\/www.google.com\/url?q=https:\/\/www.normasfinancieras.com\/vsr\/jump.aspx?nm_origen%3DMailSintesis%26entorno%3DSFM_TO%26nm_accion%3DLinkDoc%26link%3DC124253&#038;source=gmail&#038;ust=1592488906580000&#038;usg=AFQjCNFPphbk5Ac03FoL4E58af63xxoWaw\">punto 2.1.3<\/a>. que\u00a0<u>los saldos impagos correspondientes a vencimientos que operen a partir del 1.4.2020 \u2013incluyendo las cuotas vencidas al 31.3.2020\u2013 hasta el 30.6.2020\u00a0<strong>s\u00f3lo podr\u00e1n devengar el inter\u00e9s compensatorio a la tasa prevista contractualmente<\/strong>.<\/u><\/td>\n<\/tr>\n<\/tbody>\n<\/table>\n","protected":false},"excerpt":{"rendered":"<p>Comunicaci\u00f3n &#8216;A&#8217; 7025. Fe de erratas.<\/p>\n","protected":false},"author":1,"featured_media":0,"comment_status":"closed","ping_status":"open","sticky":false,"template":"","format":"standard","meta":[],"categories":[5],"tags":[],"_links":{"self":[{"href":"https:\/\/www.adeba.com.ar\/en\/wp-json\/wp\/v2\/posts\/14854"}],"collection":[{"href":"https:\/\/www.adeba.com.ar\/en\/wp-json\/wp\/v2\/posts"}],"about":[{"href":"https:\/\/www.adeba.com.ar\/en\/wp-json\/wp\/v2\/types\/post"}],"author":[{"embeddable":true,"href":"https:\/\/www.adeba.com.ar\/en\/wp-json\/wp\/v2\/users\/1"}],"replies":[{"embeddable":true,"href":"https:\/\/www.adeba.com.ar\/en\/wp-json\/wp\/v2\/comments?post=14854"}],"version-history":[{"count":1,"href":"https:\/\/www.adeba.com.ar\/en\/wp-json\/wp\/v2\/posts\/14854\/revisions"}],"predecessor-version":[{"id":14855,"href":"https:\/\/www.adeba.com.ar\/en\/wp-json\/wp\/v2\/posts\/14854\/revisions\/14855"}],"wp:attachment":[{"href":"https:\/\/www.adeba.com.ar\/en\/wp-json\/wp\/v2\/media?parent=14854"}],"wp:term":[{"taxonomy":"category","embeddable":true,"href":"https:\/\/www.adeba.com.ar\/en\/wp-json\/wp\/v2\/categories?post=14854"},{"taxonomy":"post_tag","embeddable":true,"href":"https:\/\/www.adeba.com.ar\/en\/wp-json\/wp\/v2\/tags?post=14854"}],"curies":[{"name":"wp","href":"https:\/\/api.w.org\/{rel}","templated":true}]}}