{"id":14846,"date":"2020-06-17T11:06:56","date_gmt":"2020-06-17T14:06:56","guid":{"rendered":"https:\/\/www.adeba.com.ar\/?p=14846"},"modified":"2024-11-28T12:06:18","modified_gmt":"2024-11-28T15:06:18","slug":"chaco-resolucion-general-de-la-administracion-tributaria-provincial-2035-2020","status":"publish","type":"post","link":"https:\/\/www.adeba.com.ar\/en\/chaco-resolucion-general-de-la-administracion-tributaria-provincial-2035-2020\/","title":{"rendered":"Chaco Resoluci\u00f3n General de la Administraci\u00f3n Tributaria Provincial 2035\/2020\u00a0&#8211;\u00a0"},"content":{"rendered":"<p>Pr\u00f3rroga hasta el 28\/6\/2020, inclusive, de la suspensi\u00f3n de t\u00e9rminos y plazos administrativos de la Administraci\u00f3n Tributaria Provincial.<\/p>\n","protected":false},"excerpt":{"rendered":"<p>Pr\u00f3rroga hasta el 28\/6\/2020, inclusive, de la suspensi\u00f3n de t\u00e9rminos y plazos administrativos de la Administraci\u00f3n Tributaria Provincial.<\/p>\n","protected":false},"author":1,"featured_media":0,"comment_status":"closed","ping_status":"open","sticky":false,"template":"","format":"standard","meta":[],"categories":[1,5],"tags":[],"_links":{"self":[{"href":"https:\/\/www.adeba.com.ar\/en\/wp-json\/wp\/v2\/posts\/14846"}],"collection":[{"href":"https:\/\/www.adeba.com.ar\/en\/wp-json\/wp\/v2\/posts"}],"about":[{"href":"https:\/\/www.adeba.com.ar\/en\/wp-json\/wp\/v2\/types\/post"}],"author":[{"embeddable":true,"href":"https:\/\/www.adeba.com.ar\/en\/wp-json\/wp\/v2\/users\/1"}],"replies":[{"embeddable":true,"href":"https:\/\/www.adeba.com.ar\/en\/wp-json\/wp\/v2\/comments?post=14846"}],"version-history":[{"count":1,"href":"https:\/\/www.adeba.com.ar\/en\/wp-json\/wp\/v2\/posts\/14846\/revisions"}],"predecessor-version":[{"id":14847,"href":"https:\/\/www.adeba.com.ar\/en\/wp-json\/wp\/v2\/posts\/14846\/revisions\/14847"}],"wp:attachment":[{"href":"https:\/\/www.adeba.com.ar\/en\/wp-json\/wp\/v2\/media?parent=14846"}],"wp:term":[{"taxonomy":"category","embeddable":true,"href":"https:\/\/www.adeba.com.ar\/en\/wp-json\/wp\/v2\/categories?post=14846"},{"taxonomy":"post_tag","embeddable":true,"href":"https:\/\/www.adeba.com.ar\/en\/wp-json\/wp\/v2\/tags?post=14846"}],"curies":[{"name":"wp","href":"https:\/\/api.w.org\/{rel}","templated":true}]}}