{"id":14838,"date":"2020-06-16T09:40:00","date_gmt":"2020-06-16T12:40:00","guid":{"rendered":"https:\/\/www.adeba.com.ar\/?p=14838"},"modified":"2020-06-17T09:40:37","modified_gmt":"2020-06-17T12:40:37","slug":"resolucion-del-ministerio-de-economia-y-produccion-282-2020","status":"publish","type":"post","link":"https:\/\/www.adeba.com.ar\/en\/resolucion-del-ministerio-de-economia-y-produccion-282-2020\/","title":{"rendered":"Resoluci\u00f3n del Ministerio de Econom\u00eda y Producci\u00f3n 282\/2020"},"content":{"rendered":"<table border=\"0\" width=\"100%\" cellspacing=\"0\" cellpadding=\"0\">\n<tbody>\n<tr>\n<td valign=\"top\"><\/td>\n<\/tr>\n<tr>\n<td valign=\"top\">El Ministerio de Econom\u00eda\u00a0<strong>extiende la fecha de vencimiento de invitaci\u00f3n, de anuncio de resultados y de liquidaci\u00f3n de la Invitaci\u00f3n a Canjear<\/strong>\u00a0previstas en el Suplemento de Prospecto del 21 de abril de 2020, anexo al\u00a0<a href=\"https:\/\/www.normasfinancieras.com\/vsr\/jump.aspx?nm_origen=MailSintesis&#038;entorno=NO&#038;nm_accion=LinkDoc&#038;link=N135998\" target=\"_blank\" rel=\"noopener\" data-saferedirecturl=\"https:\/\/www.google.com\/url?q=https:\/\/www.normasfinancieras.com\/vsr\/jump.aspx?nm_origen%3DMailSintesis%26entorno%3DNO%26nm_accion%3DLinkDoc%26link%3DN135998&#038;source=gmail&#038;ust=1592481237188000&#038;usg=AFQjCNEwwgFKOrKPGYUlmYsya2i0SKRgaQ\">Decreto 391\/2020<\/a>\u00a0y su modificatorio, por el cual se dispuso la reestructuraci\u00f3n de los T\u00edtulos P\u00fablicos de la Rep\u00fablica Argentina emitidos bajo ley extranjera.\u00a0\u00a0La\u00a0<b>invitaci\u00f3n vencer\u00e1 el d\u00eda 19 de junio de 2020<\/b>, a las 17 horas de Nueva York, Estados Unidos, mientras que el anuncio y la liquidaci\u00f3n, vencer\u00e1n el 22 y 25 de junio, respectivamente.\u00a0Esta nueva extensi\u00f3n se realiza para continuar las discusiones y propiciar un marco adecuado para que los inversores contin\u00faen contribuyendo a una reestructuraci\u00f3n exitosa de la deuda.<\/td>\n<\/tr>\n<\/tbody>\n<\/table>\n","protected":false},"excerpt":{"rendered":"<p>Invitaci\u00f3n a Canjear. Se extienden fechas.<\/p>\n","protected":false},"author":1,"featured_media":0,"comment_status":"closed","ping_status":"open","sticky":false,"template":"","format":"standard","meta":[],"categories":[5],"tags":[],"_links":{"self":[{"href":"https:\/\/www.adeba.com.ar\/en\/wp-json\/wp\/v2\/posts\/14838"}],"collection":[{"href":"https:\/\/www.adeba.com.ar\/en\/wp-json\/wp\/v2\/posts"}],"about":[{"href":"https:\/\/www.adeba.com.ar\/en\/wp-json\/wp\/v2\/types\/post"}],"author":[{"embeddable":true,"href":"https:\/\/www.adeba.com.ar\/en\/wp-json\/wp\/v2\/users\/1"}],"replies":[{"embeddable":true,"href":"https:\/\/www.adeba.com.ar\/en\/wp-json\/wp\/v2\/comments?post=14838"}],"version-history":[{"count":1,"href":"https:\/\/www.adeba.com.ar\/en\/wp-json\/wp\/v2\/posts\/14838\/revisions"}],"predecessor-version":[{"id":14839,"href":"https:\/\/www.adeba.com.ar\/en\/wp-json\/wp\/v2\/posts\/14838\/revisions\/14839"}],"wp:attachment":[{"href":"https:\/\/www.adeba.com.ar\/en\/wp-json\/wp\/v2\/media?parent=14838"}],"wp:term":[{"taxonomy":"category","embeddable":true,"href":"https:\/\/www.adeba.com.ar\/en\/wp-json\/wp\/v2\/categories?post=14838"},{"taxonomy":"post_tag","embeddable":true,"href":"https:\/\/www.adeba.com.ar\/en\/wp-json\/wp\/v2\/tags?post=14838"}],"curies":[{"name":"wp","href":"https:\/\/api.w.org\/{rel}","templated":true}]}}