{"id":14814,"date":"2020-06-12T13:28:44","date_gmt":"2020-06-12T16:28:44","guid":{"rendered":"https:\/\/www.adeba.com.ar\/?p=14814"},"modified":"2020-06-15T13:29:18","modified_gmt":"2020-06-15T16:29:18","slug":"resolucion-de-la-uif-53-2020","status":"publish","type":"post","link":"https:\/\/www.adeba.com.ar\/en\/resolucion-de-la-uif-53-2020\/","title":{"rendered":"Resoluci\u00f3n de la UIF 53\/2020"},"content":{"rendered":"<table border=\"0\" width=\"100%\" cellspacing=\"0\" cellpadding=\"0\">\n<tbody>\n<tr>\n<td valign=\"top\"><\/td>\n<\/tr>\n<tr>\n<td valign=\"top\">El Presidente de la Unidad de Informaci\u00f3n Financiera resolvi\u00f3 que<strong>\u00a0los procedimientos de supervisi\u00f3n extra situ queden exceptuados de la suspensi\u00f3n del curso de los plazos administrativos establecida por el Decreto N\u00b0\u00a0298\/2020<\/strong>, y sus pr\u00f3rrogas.\u00a0Esta excepci\u00f3n comenzar\u00e1 a regir hoy y se extender\u00e1 y prorrogar\u00e1 autom\u00e1ticamente en caso que se resuelva prorrogar nuevamente la suspensi\u00f3n de los plazos administrativos.\u00a0Seg\u00fan fundamentan en los considerandos de la resoluci\u00f3n, resultaba imperioso exceptuar de la suspensi\u00f3n a los\u00a0<u>procedimientos de supervisi\u00f3n extra situ que se realicen de forma conjunta con la Comisi\u00f3n Nacional de Valores<\/u>, ya que la resoluci\u00f3n\u00a0UIF 29\/2020 s\u00f3lo comprende a las supervisiones que se hallaban en curso al momento de su dictado.<\/td>\n<\/tr>\n<\/tbody>\n<\/table>\n","protected":false},"excerpt":{"rendered":"<p>Except\u00faese de la suspensi\u00f3n del curso de los plazos administrativos a los procedimientos de supervisi\u00f3n extra situ que se realicen de forma conjunta con la CNV.<\/p>\n","protected":false},"author":1,"featured_media":0,"comment_status":"closed","ping_status":"open","sticky":false,"template":"","format":"standard","meta":[],"categories":[5],"tags":[],"_links":{"self":[{"href":"https:\/\/www.adeba.com.ar\/en\/wp-json\/wp\/v2\/posts\/14814"}],"collection":[{"href":"https:\/\/www.adeba.com.ar\/en\/wp-json\/wp\/v2\/posts"}],"about":[{"href":"https:\/\/www.adeba.com.ar\/en\/wp-json\/wp\/v2\/types\/post"}],"author":[{"embeddable":true,"href":"https:\/\/www.adeba.com.ar\/en\/wp-json\/wp\/v2\/users\/1"}],"replies":[{"embeddable":true,"href":"https:\/\/www.adeba.com.ar\/en\/wp-json\/wp\/v2\/comments?post=14814"}],"version-history":[{"count":1,"href":"https:\/\/www.adeba.com.ar\/en\/wp-json\/wp\/v2\/posts\/14814\/revisions"}],"predecessor-version":[{"id":14815,"href":"https:\/\/www.adeba.com.ar\/en\/wp-json\/wp\/v2\/posts\/14814\/revisions\/14815"}],"wp:attachment":[{"href":"https:\/\/www.adeba.com.ar\/en\/wp-json\/wp\/v2\/media?parent=14814"}],"wp:term":[{"taxonomy":"category","embeddable":true,"href":"https:\/\/www.adeba.com.ar\/en\/wp-json\/wp\/v2\/categories?post=14814"},{"taxonomy":"post_tag","embeddable":true,"href":"https:\/\/www.adeba.com.ar\/en\/wp-json\/wp\/v2\/tags?post=14814"}],"curies":[{"name":"wp","href":"https:\/\/api.w.org\/{rel}","templated":true}]}}