{"id":13950,"date":"2020-04-27T05:50:53","date_gmt":"2020-04-27T08:50:53","guid":{"rendered":"https:\/\/www.adeba.com.ar\/?p=13950"},"modified":"2020-04-28T05:51:27","modified_gmt":"2020-04-28T08:51:27","slug":"decreto-408-2020","status":"publish","type":"post","link":"https:\/\/www.adeba.com.ar\/en\/decreto-408-2020\/","title":{"rendered":"Decreto 408\/2020"},"content":{"rendered":"<table border=\"0\" width=\"100%\" cellspacing=\"0\" cellpadding=\"0\">\n<tbody>\n<tr>\n<td valign=\"top\"><\/td>\n<\/tr>\n<tr>\n<td valign=\"top\">El Ejecutivo Nacional\u00a0<strong>extiende hasta el domingo 10 de mayo inclusive el periodo de aislamiento<\/strong>\u00a0obligatorio, social y preventivo y\u00a0<strong>flexibiliza las salidas.<\/strong>\u00a0<span class=\"m_6583947427826053400s2\">Las personas\u00a0podr\u00e1n realizar una breve salida de esparcimiento\u00a0sin alejarse m\u00e1s de 500\u00a0metros de su residencia por el plazo m\u00e1ximo de 1 hora\u00a0en horario diurno y antes de las 20 horas.\u00a0\u00a0Sin embargo, l<u>as autoridades locales deben dictar las correspondientes normas reglamentarias\u00a0<\/u>y, seg\u00fan \u00a0la evaluaci\u00f3n de riesgo de sus distritos, podr\u00e1n limitar dicha flexibilizaci\u00f3n o bien\u00a0suspenderla\u00a0con el fin de proteger la salud p\u00fablica.\u00a0Adem\u00e1s comunica que las provincias pueden establecer ciertas excepciones al cumplimiento del aislamiento y prohibici\u00f3n de circular en tanto se cumplan con los par\u00e1metros que establece\u00a0este decreto, salvo en\u00a0los aglomerados urbanos con m\u00e1s de 500.000\u00a0habitantes, ubicados en cualquier lugar del pa\u00eds, ni tampoco respecto del \u00c1rea Metropolitana de Buenos Aires.\u00a0Finalmente, aclara que\u00a0las clases presenciales en todos los niveles, los eventos p\u00fablicos y privados, los centros comerciales, transportes de media y larga distanciae internacionales y las actividades tu\u00edsticas, apertura de plazas y parques, continuar\u00e1n suspendidos sin excepci\u00f3n.\u00a0\u00a0\u00a0\u00a0<\/span><\/td>\n<\/tr>\n<\/tbody>\n<\/table>\n","protected":false},"excerpt":{"rendered":"<p>Aislamiento Social, Preventivo y Obligatorio. Pr\u00f3rroga.<\/p>\n","protected":false},"author":1,"featured_media":0,"comment_status":"closed","ping_status":"open","sticky":false,"template":"","format":"standard","meta":[],"categories":[5],"tags":[],"_links":{"self":[{"href":"https:\/\/www.adeba.com.ar\/en\/wp-json\/wp\/v2\/posts\/13950"}],"collection":[{"href":"https:\/\/www.adeba.com.ar\/en\/wp-json\/wp\/v2\/posts"}],"about":[{"href":"https:\/\/www.adeba.com.ar\/en\/wp-json\/wp\/v2\/types\/post"}],"author":[{"embeddable":true,"href":"https:\/\/www.adeba.com.ar\/en\/wp-json\/wp\/v2\/users\/1"}],"replies":[{"embeddable":true,"href":"https:\/\/www.adeba.com.ar\/en\/wp-json\/wp\/v2\/comments?post=13950"}],"version-history":[{"count":1,"href":"https:\/\/www.adeba.com.ar\/en\/wp-json\/wp\/v2\/posts\/13950\/revisions"}],"predecessor-version":[{"id":13951,"href":"https:\/\/www.adeba.com.ar\/en\/wp-json\/wp\/v2\/posts\/13950\/revisions\/13951"}],"wp:attachment":[{"href":"https:\/\/www.adeba.com.ar\/en\/wp-json\/wp\/v2\/media?parent=13950"}],"wp:term":[{"taxonomy":"category","embeddable":true,"href":"https:\/\/www.adeba.com.ar\/en\/wp-json\/wp\/v2\/categories?post=13950"},{"taxonomy":"post_tag","embeddable":true,"href":"https:\/\/www.adeba.com.ar\/en\/wp-json\/wp\/v2\/tags?post=13950"}],"curies":[{"name":"wp","href":"https:\/\/api.w.org\/{rel}","templated":true}]}}