{"id":13940,"date":"2020-04-27T05:46:07","date_gmt":"2020-04-27T08:46:07","guid":{"rendered":"https:\/\/www.adeba.com.ar\/?p=13940"},"modified":"2020-04-28T05:46:41","modified_gmt":"2020-04-28T08:46:41","slug":"decision-administrativa-663-2020","status":"publish","type":"post","link":"https:\/\/www.adeba.com.ar\/en\/decision-administrativa-663-2020\/","title":{"rendered":"Decisi\u00f3n Administrativa 663\/2020"},"content":{"rendered":"<table border=\"0\" width=\"100%\" cellspacing=\"0\" cellpadding=\"0\">\n<tbody>\n<tr>\n<td valign=\"top\"><\/td>\n<\/tr>\n<tr>\n<td valign=\"top\">El Jefe de Gabinete aprueba las recomendaciones formuladas por el Comit\u00e9 de evaluaci\u00f3n y monitoreo del\u00a0<strong>Programa de Asistencia de Emergencia al Trabajo y la Producci\u00f3n (ATP)<\/strong>.\u00a0 Entre los anexos que conforman la presente se aprueban las actas en las que se analizan y definen diferentes aristas del programa, informes t\u00e9cnicos confeccionados por el Ministerio de Desarrollo Productivo y los listados de actividades pertinentes.\u00a0Seg\u00fan los considerandos de la norma,\u00a0&#8216;las Actas 5 y 6 dan cuenta de la recomendaci\u00f3n para que los requisitos y las condiciones definidas para el\u00a0<u>beneficio de Salario Complementario<\/u>\u00a0en el Acta 4, sean de aplicaci\u00f3n los listados de actividades analizadas y que se las incluya como destinatarias del beneficio dispuesto en el inciso b), del art\u00edculo 6\u00b0 del Decreto N\u00b0\u00a0332\/20&#8242;.\u00a0 Adem\u00e1s se recomienda la realizaci\u00f3n de evaluaciones sectoriales espec\u00edficas relativas los\u00a0<u>sector de la educaci\u00f3n p\u00fablica de gesti\u00f3n privada; de transporte; de salud y de seguros<\/u>\u00a0en relaci\u00f3n con los beneficios definidos en el Programa.\u00a0Se propone el procedimiento y las condiciones para la implementaci\u00f3n del<u>\u00a0Cr\u00e9dito Tasa Cero<\/u>\u00a0con relaci\u00f3n a los sujetos adheridos al R\u00e9gimen Simplificado para Peque\u00f1os Contribuyentes y a los trabajadores aut\u00f3nomos aportantes al SIPA y las condiciones de elegibilidad respecto de \u00e9stos.\u00a0 Con respecto del procedimiento para la percepci\u00f3n del Salario Complementario del Programa se recomiendan ciertas caracter\u00edsticas.\u00a0Recordemos que este Comit\u00e9 tiene el objetivo de coordinar esfuerzos para morigerar el impacto de las medidas sanitarias adoptadas para mitigar la pandemia COVID-19 sobre los procesos productivos y el empleo afectados por la emergencia sanitaria.<\/td>\n<\/tr>\n<\/tbody>\n<\/table>\n","protected":false},"excerpt":{"rendered":"<p>Comit\u00e9 de Evaluaci\u00f3n y Monitoreo del Programa de Asistencia de Emergencia al Trabajo y la Producci\u00f3n. Recomendaciones.<\/p>\n","protected":false},"author":1,"featured_media":0,"comment_status":"closed","ping_status":"open","sticky":false,"template":"","format":"standard","meta":[],"categories":[5],"tags":[],"_links":{"self":[{"href":"https:\/\/www.adeba.com.ar\/en\/wp-json\/wp\/v2\/posts\/13940"}],"collection":[{"href":"https:\/\/www.adeba.com.ar\/en\/wp-json\/wp\/v2\/posts"}],"about":[{"href":"https:\/\/www.adeba.com.ar\/en\/wp-json\/wp\/v2\/types\/post"}],"author":[{"embeddable":true,"href":"https:\/\/www.adeba.com.ar\/en\/wp-json\/wp\/v2\/users\/1"}],"replies":[{"embeddable":true,"href":"https:\/\/www.adeba.com.ar\/en\/wp-json\/wp\/v2\/comments?post=13940"}],"version-history":[{"count":1,"href":"https:\/\/www.adeba.com.ar\/en\/wp-json\/wp\/v2\/posts\/13940\/revisions"}],"predecessor-version":[{"id":13941,"href":"https:\/\/www.adeba.com.ar\/en\/wp-json\/wp\/v2\/posts\/13940\/revisions\/13941"}],"wp:attachment":[{"href":"https:\/\/www.adeba.com.ar\/en\/wp-json\/wp\/v2\/media?parent=13940"}],"wp:term":[{"taxonomy":"category","embeddable":true,"href":"https:\/\/www.adeba.com.ar\/en\/wp-json\/wp\/v2\/categories?post=13940"},{"taxonomy":"post_tag","embeddable":true,"href":"https:\/\/www.adeba.com.ar\/en\/wp-json\/wp\/v2\/tags?post=13940"}],"curies":[{"name":"wp","href":"https:\/\/api.w.org\/{rel}","templated":true}]}}