{"id":12322,"date":"2020-02-03T14:28:25","date_gmt":"2020-02-03T17:28:25","guid":{"rendered":"https:\/\/www.adeba.com.ar\/?p=12322"},"modified":"2020-02-03T20:24:48","modified_gmt":"2020-02-03T23:24:48","slug":"comunicado","status":"publish","type":"post","link":"https:\/\/www.adeba.com.ar\/en\/comunicado\/","title":{"rendered":"Comunicado"},"content":{"rendered":"<p>La Asociaci\u00f3n de Bancos Argentinos \u2013 ADEBA \u2013 repudia el lamentable<br \/>\nsuceso acontecido el d\u00eda viernes 31\/1\/2020 en el cual perdiera la vida<br \/>\nGerm\u00e1n Ch\u00e1vez, empleado del Banco de la Naci\u00f3n Argentina, y env\u00eda sus<br \/>\ncondolencias a los familiares, amigos y compa\u00f1eros.<\/p>\n<p>Se espera el pronto esclarecimiento de los hechos; la aplicaci\u00f3n de<br \/>\nsanciones correspondientes por parte de la Justicia ante tal aberrante<br \/>\ndelito y que se arbitren los medios id\u00f3neos a fin de evitar sucesos<br \/>\nsimilares.<\/p>\n","protected":false},"excerpt":{"rendered":"<p>La Asociaci\u00f3n de Bancos Argentinos \u2013 ADEBA \u2013 repudia el lamentable suceso acontecido el d\u00eda viernes 31\/1\/2020 en el cual perdiera la vida Germ\u00e1n Ch\u00e1vez, empleado del Banco de la<span class=\"more\"><a class=\"more-link\" href=\"https:\/\/www.adeba.com.ar\/en\/comunicado\/\">Seguir leyendo <span class=\"meta-nav\">&#8594;<\/span><\/a><\/span><\/p>\n","protected":false},"author":1,"featured_media":12323,"comment_status":"closed","ping_status":"open","sticky":false,"template":"","format":"standard","meta":[],"categories":[255],"tags":[],"_links":{"self":[{"href":"https:\/\/www.adeba.com.ar\/en\/wp-json\/wp\/v2\/posts\/12322"}],"collection":[{"href":"https:\/\/www.adeba.com.ar\/en\/wp-json\/wp\/v2\/posts"}],"about":[{"href":"https:\/\/www.adeba.com.ar\/en\/wp-json\/wp\/v2\/types\/post"}],"author":[{"embeddable":true,"href":"https:\/\/www.adeba.com.ar\/en\/wp-json\/wp\/v2\/users\/1"}],"replies":[{"embeddable":true,"href":"https:\/\/www.adeba.com.ar\/en\/wp-json\/wp\/v2\/comments?post=12322"}],"version-history":[{"count":2,"href":"https:\/\/www.adeba.com.ar\/en\/wp-json\/wp\/v2\/posts\/12322\/revisions"}],"predecessor-version":[{"id":12328,"href":"https:\/\/www.adeba.com.ar\/en\/wp-json\/wp\/v2\/posts\/12322\/revisions\/12328"}],"wp:featuredmedia":[{"embeddable":true,"href":"https:\/\/www.adeba.com.ar\/en\/wp-json\/wp\/v2\/media\/12323"}],"wp:attachment":[{"href":"https:\/\/www.adeba.com.ar\/en\/wp-json\/wp\/v2\/media?parent=12322"}],"wp:term":[{"taxonomy":"category","embeddable":true,"href":"https:\/\/www.adeba.com.ar\/en\/wp-json\/wp\/v2\/categories?post=12322"},{"taxonomy":"post_tag","embeddable":true,"href":"https:\/\/www.adeba.com.ar\/en\/wp-json\/wp\/v2\/tags?post=12322"}],"curies":[{"name":"wp","href":"https:\/\/api.w.org\/{rel}","templated":true}]}}