{"id":11401,"date":"2019-11-29T06:47:48","date_gmt":"2019-11-29T09:47:48","guid":{"rendered":"https:\/\/www.adeba.com.ar\/?p=11401"},"modified":"2019-12-02T06:48:48","modified_gmt":"2019-12-02T09:48:48","slug":"decreto-796-2019","status":"publish","type":"post","link":"https:\/\/www.adeba.com.ar\/en\/decreto-796-2019\/","title":{"rendered":"Decreto 796\/2019"},"content":{"rendered":"<p><span style=\"color: #333333; font-family: 'Segoe UI','sans-serif'; font-size: 10pt;\">El Ejecutivo Nacional <strong><span style=\"font-family: 'Segoe UI','sans-serif';\">excluye<\/span><\/strong> de la postergaci\u00f3n prevista <a href=\"https:\/\/www.normasfinancieras.com\/vsr\/jump.aspx?nm_origen=MailSintesis&#038;entorno=NO&#038;nm_accion=LinkDoc&#038;link=N131137\" target=\"_blank\" rel=\"noopener\" data-saferedirecturl=\"https:\/\/www.google.com\/url?q=https:\/\/www.normasfinancieras.com\/vsr\/jump.aspx?nm_origen%3DMailSintesis%26entorno%3DNO%26nm_accion%3DLinkDoc%26link%3DN131137&#038;source=gmail&#038;ust=1575363376829000&#038;usg=AFQjCNFADkQXyK83eLWbSDxMnpxXgbvp4w\">Decreto 596\/2019<\/a>, que adopt\u00f3 -en el marco del proceso conocido como &#8216;<strong><span style=\"font-family: 'Segoe UI','sans-serif';\">reperfilamiento<\/span><\/strong>&#8216;- distintas medidas tendientes a recomponer el programa financiero de la Naci\u00f3n y crear un marco sustentable para la deuda p\u00fablica, <strong><span style=\"font-family: 'Segoe UI','sans-serif';\">a los t\u00edtulos representativos de deuda p\u00fablica nacional de corto plazo<\/span><\/strong> identificados en el Anexo de ese decreto, cuya tenencia registrada al 31\/10\/19 y titularidad a la fecha de pago corresponda a la Administraci\u00f3n P\u00fablica No Financiera de las Provincias o de la Ciudad de Buenos Aires (est\u00e1n comprendidos la Administraci\u00f3n Central, Organismos Descentralizados, Fondos Fiduciarios, Cuentas Especiales e Instituciones de la Seguridad Social).\u00a0A fin de implementar dicha exclusi\u00f3n, las provincias y la Ciudad de Buenos Aires informar\u00e1n al Ministerio de Hacienda la especie, el valor nominal original, el intermediario financiero, la titularidad, la depositaria local en la que est\u00e9n registradas las respectivas tenencias y las Claves \u00danicas de Identificaci\u00f3n Tributaria (CUIT) bajo las cuales registran los t\u00edtulos comprendidos en el presente decreto.\u00a0Cabe se\u00f1alar que los t\u00edtulos con fecha de pago original vencida a la entrada en vigencia de esta medida ser\u00e1n cancelados dentro de los 5 d\u00edas h\u00e1biles siguientes a la fecha en que se reciba esa informaci\u00f3n o de la publicaci\u00f3n del presente decreto, lo que ocurra \u00faltimo.\u00a0<\/span> <u><\/u><u><\/u><\/p>\n","protected":false},"excerpt":{"rendered":"<p>Excl\u00fayese de la postergaci\u00f3n prevista en el art\u00edculo 1\u00ba del Decreto N\u00ba 596 del 28 de agosto de 2019 y su modificatorio, a los t\u00edtulos representativos de deuda p\u00fablica nacional de corto plazo identificados en su Anexo &#8230; <\/p>\n","protected":false},"author":1,"featured_media":0,"comment_status":"closed","ping_status":"open","sticky":false,"template":"","format":"standard","meta":[],"categories":[5],"tags":[],"_links":{"self":[{"href":"https:\/\/www.adeba.com.ar\/en\/wp-json\/wp\/v2\/posts\/11401"}],"collection":[{"href":"https:\/\/www.adeba.com.ar\/en\/wp-json\/wp\/v2\/posts"}],"about":[{"href":"https:\/\/www.adeba.com.ar\/en\/wp-json\/wp\/v2\/types\/post"}],"author":[{"embeddable":true,"href":"https:\/\/www.adeba.com.ar\/en\/wp-json\/wp\/v2\/users\/1"}],"replies":[{"embeddable":true,"href":"https:\/\/www.adeba.com.ar\/en\/wp-json\/wp\/v2\/comments?post=11401"}],"version-history":[{"count":1,"href":"https:\/\/www.adeba.com.ar\/en\/wp-json\/wp\/v2\/posts\/11401\/revisions"}],"predecessor-version":[{"id":11402,"href":"https:\/\/www.adeba.com.ar\/en\/wp-json\/wp\/v2\/posts\/11401\/revisions\/11402"}],"wp:attachment":[{"href":"https:\/\/www.adeba.com.ar\/en\/wp-json\/wp\/v2\/media?parent=11401"}],"wp:term":[{"taxonomy":"category","embeddable":true,"href":"https:\/\/www.adeba.com.ar\/en\/wp-json\/wp\/v2\/categories?post=11401"},{"taxonomy":"post_tag","embeddable":true,"href":"https:\/\/www.adeba.com.ar\/en\/wp-json\/wp\/v2\/tags?post=11401"}],"curies":[{"name":"wp","href":"https:\/\/api.w.org\/{rel}","templated":true}]}}