{"id":10495,"date":"2019-09-30T15:06:41","date_gmt":"2019-09-30T18:06:41","guid":{"rendered":"https:\/\/www.adeba.com.ar\/?p=10495"},"modified":"2019-09-30T15:06:41","modified_gmt":"2019-09-30T18:06:41","slug":"resolucion-general-de-la-administracion-federal-de-ingresos-publicos-4593-2019","status":"publish","type":"post","link":"https:\/\/www.adeba.com.ar\/en\/resolucion-general-de-la-administracion-federal-de-ingresos-publicos-4593-2019\/","title":{"rendered":"Resoluci\u00f3n General de la Administraci\u00f3n Federal de Ingresos P\u00fablicos 4593\/2019"},"content":{"rendered":"<p><span style=\"color: #333333; font-family: 'Segoe UI','sans-serif'; font-size: 10pt;\">La Administraci\u00f3n Federal de Ingresos P\u00fablicos (AFIP) establece los <strong><span style=\"font-family: 'Segoe UI','sans-serif';\">procedimientos y condiciones a tener en cuenta para la cancelaci\u00f3n por parte de los empleadores de las obligaciones de la seguridad social con titulos reperfilados<\/span><\/strong> en el marco del <a href=\"https:\/\/www.normasfinancieras.com\/vsr\/jump.aspx?nm_origen=MailSintesis&#038;entorno=NO&#038;nm_origen=Aciertos&#038;nm_accion=LinkDoc&#038;link=N131212&#038;frase_exacta=on&#038;libre=Decreto+609%2f2019\" target=\"_blank\" rel=\"noopener\" data-saferedirecturl=\"https:\/\/www.google.com\/url?q=https:\/\/www.normasfinancieras.com\/vsr\/jump.aspx?nm_origen%3DMailSintesis%26entorno%3DNO%26nm_origen%3DAciertos%26nm_accion%3DLinkDoc%26link%3DN131212%26frase_exacta%3Don%26libre%3DDecreto%2B609%252f2019&#038;source=gmail&#038;ust=1569951840590000&#038;usg=AFQjCNE0nixeXzAgJInnEI37swgyyH7l-w\">Decreto\u00a0609\/19<\/a>.\u00a0Entre otros puntos, se dispone que los empleadores que est\u00e9n\u00a0alcanzados por lo dispuesto en el Art\u00edculo 5\u00b0 del Decreto\u00a0deber\u00e1n gestionar la transferencia de los t\u00edtulos -a trav\u00e9s de la plataforma habitual- a la cuenta comitente N\u00b0\u00a0336630302 &#8216;AFIP-5000\/625 &#8211; D 609\/2019 &#8211; DEUDA P\u00daBLICA&#8217; abierta en el Banco de la Naci\u00f3n Argentina Sucursal 0085, por intermedio del depositante N\u00b0\u00a01128 Banco de la Naci\u00f3n Argentina. La Caja de Valores S.A. informar\u00e1 diariamente a la AFIP los datos respecto de cada t\u00edtulo transferido a la cuenta comitente mencionada.\u00a0AFIP registrar\u00e1 -bajo la modalidad de bono electr\u00f3nico- como cr\u00e9dito a favor del contribuyente, cada t\u00edtulo informado por la Caja de Valores S.A. de acuerdo con el procedimiento indicado y los empleadores podr\u00e1n aplicar esos cr\u00e9ditos &#8211;<u>hasta el 31\/12\/20, inclusive<\/u>&#8211; a la cancelaci\u00f3n de los aportes y contribuciones vencidos y exigibles al 31\/07\/19, detallados en el Art\u00edculo 5\u00b0 y las multas mencionadas en el Art\u00edculo 7\u00b0, ambos del Decreto 609\/2019.<\/span> <u><\/u><u><\/u><\/p>\n","protected":false},"excerpt":{"rendered":"<p>Procedimiento. Decreto N\u00ba 609\/19. Cancelaci\u00f3n de obligaciones de la seguridad social mediante t\u00edtulos representativos de la deuda p\u00fablica nacional. Su instrumentaci\u00f3n. <\/p>\n","protected":false},"author":1,"featured_media":0,"comment_status":"closed","ping_status":"open","sticky":false,"template":"","format":"standard","meta":[],"categories":[5],"tags":[],"_links":{"self":[{"href":"https:\/\/www.adeba.com.ar\/en\/wp-json\/wp\/v2\/posts\/10495"}],"collection":[{"href":"https:\/\/www.adeba.com.ar\/en\/wp-json\/wp\/v2\/posts"}],"about":[{"href":"https:\/\/www.adeba.com.ar\/en\/wp-json\/wp\/v2\/types\/post"}],"author":[{"embeddable":true,"href":"https:\/\/www.adeba.com.ar\/en\/wp-json\/wp\/v2\/users\/1"}],"replies":[{"embeddable":true,"href":"https:\/\/www.adeba.com.ar\/en\/wp-json\/wp\/v2\/comments?post=10495"}],"version-history":[{"count":1,"href":"https:\/\/www.adeba.com.ar\/en\/wp-json\/wp\/v2\/posts\/10495\/revisions"}],"predecessor-version":[{"id":10496,"href":"https:\/\/www.adeba.com.ar\/en\/wp-json\/wp\/v2\/posts\/10495\/revisions\/10496"}],"wp:attachment":[{"href":"https:\/\/www.adeba.com.ar\/en\/wp-json\/wp\/v2\/media?parent=10495"}],"wp:term":[{"taxonomy":"category","embeddable":true,"href":"https:\/\/www.adeba.com.ar\/en\/wp-json\/wp\/v2\/categories?post=10495"},{"taxonomy":"post_tag","embeddable":true,"href":"https:\/\/www.adeba.com.ar\/en\/wp-json\/wp\/v2\/tags?post=10495"}],"curies":[{"name":"wp","href":"https:\/\/api.w.org\/{rel}","templated":true}]}}