{"id":10491,"date":"2019-09-30T15:04:42","date_gmt":"2019-09-30T18:04:42","guid":{"rendered":"https:\/\/www.adeba.com.ar\/?p=10491"},"modified":"2019-09-30T15:04:42","modified_gmt":"2019-09-30T18:04:42","slug":"comunicado-de-la-caja-de-valores-9787","status":"publish","type":"post","link":"https:\/\/www.adeba.com.ar\/en\/comunicado-de-la-caja-de-valores-9787\/","title":{"rendered":"Comunicado de la Caja de Valores 9787"},"content":{"rendered":"<p><span style=\"color: #333333; font-family: 'Segoe UI','sans-serif'; font-size: 10pt;\">En el marco del <strong><span style=\"font-family: 'Segoe UI','sans-serif';\">proceso de reperfilamiento de los t\u00edtulos p\u00fablicos del Estado Nacional<\/span><\/strong> dispuesto por el <a href=\"https:\/\/www.normasfinancieras.com\/vsr\/jump.aspx?nm_origen=MailSintesis&#038;entorno=NO&#038;nm_accion=LinkDoc&#038;link=N131137\" target=\"_blank\" rel=\"noopener\" data-saferedirecturl=\"https:\/\/www.google.com\/url?q=https:\/\/www.normasfinancieras.com\/vsr\/jump.aspx?nm_origen%3DMailSintesis%26entorno%3DNO%26nm_accion%3DLinkDoc%26link%3DN131137&#038;source=gmail&#038;ust=1569951840590000&#038;usg=AFQjCNFbDlIRswjp258s4gsgfYNuMh2acg\">Decreto 596\/2019<\/a> y teniendo en cuenta aquellos supuestos en los cuales las tenencias de <strong><span style=\"font-family: 'Segoe UI','sans-serif';\">t\u00edtulos corresponden a Personas Humanas<\/span><\/strong> deben ser exceptuadas del mismo, Caja de Valores S.A. comunica que deber\u00e1 informar a la Oficina Nacional de Cr\u00e9dito P\u00fablico del Ministerio de Hacienda el monto a abonar, en los plazos y condiciones que tal repartici\u00f3n ha solicitado.\u00a0A tal fin, la entidad informa que esto es aplicable a las Personas Humanas cuyas tenencias se encontraban registradas al 31\/07\/19 bajo una Cuenta Depositante y posteriormente fueron transferidas a otra Cuenta bajo la misma titularidad, siempre que la subcuenta comitente no comprenda entre su titularidad ninguna Persona Jur\u00eddica; a las Personas Humanas cuyas tenencias al 31\/07\/19 y\/o a la fecha de entrada de la medida se encontraban registradas -localmente- en la cuenta de Caja de Valores SA en centrales depositarias internacionales. E informa que, en caso de contar con algunos de los casos se\u00f1alados, los depositantes deber\u00e1n presentar la Declaraci\u00f3n Jurada que obra como Anexo I o Anexo II a fin de que los comitentes denunciados sean considerados dentro del art\u00edculo 2\u00b0 del Decreto aludido.\u00a0Se aclara que para <u>aquellos t\u00edtulos cuyo vencimiento oper\u00f3 el 30\/08, 4\/09 y 13\/09<\/u>, las respectivas Declaraciones Juradas podr\u00e1n ser entregadas por \u00fanica vez, <u>desde el 27\/09 y hasta las 15 hs. del 01\/10\/19<\/u>.<\/span> <u><\/u><u><\/u><\/p>\n","protected":false},"excerpt":{"rendered":"<p>DDJJ Valores negociables no afectados por el Reperfilamiento dispuesto por el Decreto 596-2019 <\/p>\n","protected":false},"author":1,"featured_media":0,"comment_status":"closed","ping_status":"open","sticky":false,"template":"","format":"standard","meta":[],"categories":[5],"tags":[],"_links":{"self":[{"href":"https:\/\/www.adeba.com.ar\/en\/wp-json\/wp\/v2\/posts\/10491"}],"collection":[{"href":"https:\/\/www.adeba.com.ar\/en\/wp-json\/wp\/v2\/posts"}],"about":[{"href":"https:\/\/www.adeba.com.ar\/en\/wp-json\/wp\/v2\/types\/post"}],"author":[{"embeddable":true,"href":"https:\/\/www.adeba.com.ar\/en\/wp-json\/wp\/v2\/users\/1"}],"replies":[{"embeddable":true,"href":"https:\/\/www.adeba.com.ar\/en\/wp-json\/wp\/v2\/comments?post=10491"}],"version-history":[{"count":1,"href":"https:\/\/www.adeba.com.ar\/en\/wp-json\/wp\/v2\/posts\/10491\/revisions"}],"predecessor-version":[{"id":10492,"href":"https:\/\/www.adeba.com.ar\/en\/wp-json\/wp\/v2\/posts\/10491\/revisions\/10492"}],"wp:attachment":[{"href":"https:\/\/www.adeba.com.ar\/en\/wp-json\/wp\/v2\/media?parent=10491"}],"wp:term":[{"taxonomy":"category","embeddable":true,"href":"https:\/\/www.adeba.com.ar\/en\/wp-json\/wp\/v2\/categories?post=10491"},{"taxonomy":"post_tag","embeddable":true,"href":"https:\/\/www.adeba.com.ar\/en\/wp-json\/wp\/v2\/tags?post=10491"}],"curies":[{"name":"wp","href":"https:\/\/api.w.org\/{rel}","templated":true}]}}